{"id":6884,"date":"2018-07-05T08:59:55","date_gmt":"2018-07-05T08:59:55","guid":{"rendered":"http:\/\/czytio.pl\/blog\/?p=6884"},"modified":"2023-04-25T13:10:56","modified_gmt":"2023-04-25T12:10:56","slug":"etui-pocketbook-shell-rozne-kolory-zdjecia","status":"publish","type":"post","link":"https:\/\/czytio.pl\/blog\/etui-pocketbook-shell-rozne-kolory-zdjecia\/","title":{"rendered":"Etui PocketBook Shell r\u00f3\u017cne kolory &#8211; zdj\u0119cia"},"content":{"rendered":"<h2>Przedstawiamy niezwykle solidne i wytrzyma\u0142e etui Shell od PocketBook dla modeli:\u00a0PocketBook 615 Basic Lux, PocketBook Basic 3, PocketBook Basic Touch oraz PocketBook 626(2) Touch Lux 3.<\/h2>\n<p><img loading=\"lazy\" decoding=\"async\" class=\"alignnone size-large wp-image-6900\" src=\"https:\/\/czytio.pl\/blog\/wp-content\/uploads\/2018\/07\/etui-pocketbook-r\u00f3\u017cne-kolory-960x638.jpg\" alt=\"etui shell r\u00f3\u017cne kolory do modeli PocketBook 615 Basic Lux, PocketBook Basic 3, PocketBook Basic Touch oraz PocketBook 626(2) Touch Lux 3.\" width=\"670\" height=\"445\" srcset=\"https:\/\/czytio.pl\/blog\/wp-content\/uploads\/2018\/07\/etui-pocketbook-r\u00f3\u017cne-kolory-960x638.jpg 960w, https:\/\/czytio.pl\/blog\/wp-content\/uploads\/2018\/07\/etui-pocketbook-r\u00f3\u017cne-kolory-300x200.jpg 300w, https:\/\/czytio.pl\/blog\/wp-content\/uploads\/2018\/07\/etui-pocketbook-r\u00f3\u017cne-kolory-768x511.jpg 768w, https:\/\/czytio.pl\/blog\/wp-content\/uploads\/2018\/07\/etui-pocketbook-r\u00f3\u017cne-kolory-624x415.jpg 624w\" sizes=\"auto, (max-width: 670px) 100vw, 670px\" \/><\/p>\n<p>&nbsp;<\/p>\n<ol>\n<li>\n<h3><a href=\"https:\/\/czytio.pl\/akcesoria-do-czytnikow\/316\/etui-pocketbook-shell-szare\">Etui PocketBook Shell szare<\/a><\/h3>\n<\/li>\n<\/ol>\n<p><img loading=\"lazy\" decoding=\"async\" class=\"alignnone wp-image-6885\" src=\"https:\/\/czytio.pl\/blog\/wp-content\/uploads\/2018\/07\/etui-szare-pocketbook-prz\u00f3d-851x960.jpg\" alt=\"Etui do czytnika PocketBook 615 Basic Lux, PocketBook Basic 3, PocketBook Basic Touch oraz PocketBook 626(2) Touch Lux 3 w kolorze szarym od przodu\" width=\"626\" height=\"706\" srcset=\"https:\/\/czytio.pl\/blog\/wp-content\/uploads\/2018\/07\/etui-szare-pocketbook-prz\u00f3d-851x960.jpg 851w, https:\/\/czytio.pl\/blog\/wp-content\/uploads\/2018\/07\/etui-szare-pocketbook-prz\u00f3d-266x300.jpg 266w, https:\/\/czytio.pl\/blog\/wp-content\/uploads\/2018\/07\/etui-szare-pocketbook-prz\u00f3d-768x866.jpg 768w, https:\/\/czytio.pl\/blog\/wp-content\/uploads\/2018\/07\/etui-szare-pocketbook-prz\u00f3d-624x704.jpg 624w\" sizes=\"auto, (max-width: 626px) 100vw, 626px\" \/><\/p>\n<p><img loading=\"lazy\" decoding=\"async\" class=\"alignnone wp-image-6886\" src=\"https:\/\/czytio.pl\/blog\/wp-content\/uploads\/2018\/07\/etui-szare-pocketbook-ty\u0142-894x960.jpg\" alt=\"Szare etui Shell do czytnik\u00f3w PocketBook od ty\u0142u.\" width=\"626\" height=\"673\" srcset=\"https:\/\/czytio.pl\/blog\/wp-content\/uploads\/2018\/07\/etui-szare-pocketbook-ty\u0142-894x960.jpg 894w, https:\/\/czytio.pl\/blog\/wp-content\/uploads\/2018\/07\/etui-szare-pocketbook-ty\u0142-279x300.jpg 279w, https:\/\/czytio.pl\/blog\/wp-content\/uploads\/2018\/07\/etui-szare-pocketbook-ty\u0142-768x825.jpg 768w, https:\/\/czytio.pl\/blog\/wp-content\/uploads\/2018\/07\/etui-szare-pocketbook-ty\u0142-624x670.jpg 624w\" sizes=\"auto, (max-width: 626px) 100vw, 626px\" \/><\/p>\n<p><img loading=\"lazy\" decoding=\"async\" class=\"alignnone wp-image-6888\" src=\"https:\/\/czytio.pl\/blog\/wp-content\/uploads\/2018\/07\/etui-shell-pocketbook-\u015brodek-960x638.jpg\" alt=\"Etui Shell szare do czytnik\u00f3w PocketBook 615 Basic Lux, PocketBook Basic 3, PocketBook Basic Touch oraz PocketBook 626(2) Touch Lux 3 \" width=\"633\" height=\"420\" srcset=\"https:\/\/czytio.pl\/blog\/wp-content\/uploads\/2018\/07\/etui-shell-pocketbook-\u015brodek-960x638.jpg 960w, https:\/\/czytio.pl\/blog\/wp-content\/uploads\/2018\/07\/etui-shell-pocketbook-\u015brodek-300x200.jpg 300w, https:\/\/czytio.pl\/blog\/wp-content\/uploads\/2018\/07\/etui-shell-pocketbook-\u015brodek-768x511.jpg 768w, https:\/\/czytio.pl\/blog\/wp-content\/uploads\/2018\/07\/etui-shell-pocketbook-\u015brodek-624x415.jpg 624w, https:\/\/czytio.pl\/blog\/wp-content\/uploads\/2018\/07\/etui-shell-pocketbook-\u015brodek.jpg 2000w\" sizes=\"auto, (max-width: 633px) 100vw, 633px\" \/><\/p>\n<p>Etui w kolorze szarym dedykowane czytnikom: PocketBook 615 Basic Lux, PocketBook Basic 3, PocketBook Basic Touch oraz PocketBook 626(2) Touch Lux 3 zapewni im doskona\u0142\u0105 ochron\u0119, dzi\u0119ki solidnemu wykonaniu i du\u017cej sztywno\u015bci. Dodatkowe bezpiecze\u0144stwo zapewnia zapi\u0119cie na magnes, dzi\u0119ki kt\u00f3remu etui nie otworzy si\u0119 podczas transportu. Etui Shell jest niezwykle eleganckie i funkcjonalne, poniewa\u017c umo\u017cliwia korzystanie ze wszystkich potrzebnych funkcji czytnik\u00f3w PocketBook, a zarazem chroni je przed uszkodzeniami i zachlapaniami.<\/p>\n<ol start=\"2\">\n<li>\n<h3><a href=\"https:\/\/czytio.pl\/akcesoria-do-czytnikow\/317\/etui-pocketbook-shell-czerwone\">Etui PocketBook Shell czerwone<\/a><\/h3>\n<\/li>\n<\/ol>\n<p><img loading=\"lazy\" decoding=\"async\" class=\"alignnone wp-image-6890\" src=\"https:\/\/czytio.pl\/blog\/wp-content\/uploads\/2018\/07\/etui-czerwone-pocketbook-prz\u00f3d-850x960.jpg\" alt=\"Etui Shell czerwone solidne do czytnik\u00f3w PocketBook 615 Basic Lux, PocketBook Basic 3, PocketBook Basic Touch oraz PocketBook 626(2) Touch Lux 3\" width=\"626\" height=\"707\" srcset=\"https:\/\/czytio.pl\/blog\/wp-content\/uploads\/2018\/07\/etui-czerwone-pocketbook-prz\u00f3d-850x960.jpg 850w, https:\/\/czytio.pl\/blog\/wp-content\/uploads\/2018\/07\/etui-czerwone-pocketbook-prz\u00f3d-266x300.jpg 266w, https:\/\/czytio.pl\/blog\/wp-content\/uploads\/2018\/07\/etui-czerwone-pocketbook-prz\u00f3d-768x867.jpg 768w, https:\/\/czytio.pl\/blog\/wp-content\/uploads\/2018\/07\/etui-czerwone-pocketbook-prz\u00f3d-624x704.jpg 624w\" sizes=\"auto, (max-width: 626px) 100vw, 626px\" \/><\/p>\n<p><img loading=\"lazy\" decoding=\"async\" class=\"alignnone size-large wp-image-6891\" src=\"https:\/\/czytio.pl\/blog\/wp-content\/uploads\/2018\/07\/etui-czerwone-pocketbook-ty\u0142-857x960.jpg\" alt=\"Wytrzyma\u0142e etui shell w kolorze czerwonym do czytnik\u00f3w PocketBook 615 Basic Lux, PocketBook Basic 3, PocketBook Basic Touch oraz PocketBook 626(2) Touch Lux 3\" width=\"670\" height=\"751\" srcset=\"https:\/\/czytio.pl\/blog\/wp-content\/uploads\/2018\/07\/etui-czerwone-pocketbook-ty\u0142-857x960.jpg 857w, https:\/\/czytio.pl\/blog\/wp-content\/uploads\/2018\/07\/etui-czerwone-pocketbook-ty\u0142-268x300.jpg 268w, https:\/\/czytio.pl\/blog\/wp-content\/uploads\/2018\/07\/etui-czerwone-pocketbook-ty\u0142-768x860.jpg 768w, https:\/\/czytio.pl\/blog\/wp-content\/uploads\/2018\/07\/etui-czerwone-pocketbook-ty\u0142-624x699.jpg 624w\" sizes=\"auto, (max-width: 670px) 100vw, 670px\" \/><\/p>\n<p><img loading=\"lazy\" decoding=\"async\" class=\"alignnone size-large wp-image-6892\" src=\"https:\/\/czytio.pl\/blog\/wp-content\/uploads\/2018\/07\/etui-br\u0105zowe-pocketbook-\u015brodek-960x638.jpg\" alt=\"Etui shell w kolorze czerwonym do czytnik\u00f3w PocketBook 615 Basic Lux, PocketBook Basic 3, PocketBook Basic Touch oraz PocketBook 626(2) Touch Lux 3 od \u015brodka\" width=\"670\" height=\"445\" srcset=\"https:\/\/czytio.pl\/blog\/wp-content\/uploads\/2018\/07\/etui-br\u0105zowe-pocketbook-\u015brodek-960x638.jpg 960w, https:\/\/czytio.pl\/blog\/wp-content\/uploads\/2018\/07\/etui-br\u0105zowe-pocketbook-\u015brodek-300x200.jpg 300w, https:\/\/czytio.pl\/blog\/wp-content\/uploads\/2018\/07\/etui-br\u0105zowe-pocketbook-\u015brodek-768x511.jpg 768w, https:\/\/czytio.pl\/blog\/wp-content\/uploads\/2018\/07\/etui-br\u0105zowe-pocketbook-\u015brodek-624x415.jpg 624w\" sizes=\"auto, (max-width: 670px) 100vw, 670px\" \/><\/p>\n<p>Etui PocketBook Shell czerwone stworzono z my\u015bl\u0105 o czytnikach: PocketBook 615 Basic Lux, PocketBook Basic 3, PocketBook Basic Touch oraz PocketBook 626(2) Touch Lux 3. Etui Shell doskonale chroni czytniki ebook\u00f3w, dzi\u0119ki idealnemu dopasowaniu si\u0119 do urz\u0105dzenia. Etui do czytnik\u00f3w PocketBook zapewnia\u00a0 ochron\u0119 przed zabrudzeniami i zachlapaniami. W dodatku etui PocketBook Shell zamykane jest na magens<\/p>\n<ol start=\"3\">\n<li>\n<h3><a href=\"https:\/\/czytio.pl\/akcesoria-do-czytnikow\/319\/etui-pocketbook-shell-brazowe\">Etui PocketBook Shell br\u0105zowe<\/a><\/h3>\n<\/li>\n<\/ol>\n<p><img loading=\"lazy\" decoding=\"async\" class=\"alignnone size-large wp-image-6895\" src=\"https:\/\/czytio.pl\/blog\/wp-content\/uploads\/2018\/07\/etui-br\u0105zowe-pocketbook-prz\u00f3d-1-871x960.jpg\" alt=\"Najlepsze etui do czytnik\u00f3w PocketBook etui shell do modeli: PocketBook 615 Basic Lux, PocketBook Basic 3, PocketBook Basic Touch oraz PocketBook 626(2) Touch Lux 3\" width=\"670\" height=\"738\" srcset=\"https:\/\/czytio.pl\/blog\/wp-content\/uploads\/2018\/07\/etui-br\u0105zowe-pocketbook-prz\u00f3d-1-871x960.jpg 871w, https:\/\/czytio.pl\/blog\/wp-content\/uploads\/2018\/07\/etui-br\u0105zowe-pocketbook-prz\u00f3d-1-272x300.jpg 272w, https:\/\/czytio.pl\/blog\/wp-content\/uploads\/2018\/07\/etui-br\u0105zowe-pocketbook-prz\u00f3d-1-768x847.jpg 768w, https:\/\/czytio.pl\/blog\/wp-content\/uploads\/2018\/07\/etui-br\u0105zowe-pocketbook-prz\u00f3d-1-624x688.jpg 624w, https:\/\/czytio.pl\/blog\/wp-content\/uploads\/2018\/07\/etui-br\u0105zowe-pocketbook-prz\u00f3d-1.jpg 1600w\" sizes=\"auto, (max-width: 670px) 100vw, 670px\" \/><\/p>\n<p><img loading=\"lazy\" decoding=\"async\" class=\"alignnone size-large wp-image-6894\" src=\"https:\/\/czytio.pl\/blog\/wp-content\/uploads\/2018\/07\/etui-br\u0105zowe-pocketbook-ty\u0142-855x960.jpg\" alt=\"Najlepsze etui do czytnik\u00f3w PocketBook etui Shell do modeli PocketBook 615 Basic Lux, PocketBook Basic 3, PocketBook Basic Touch oraz PocketBook 626(2) Touch Lux 3\" width=\"670\" height=\"752\" srcset=\"https:\/\/czytio.pl\/blog\/wp-content\/uploads\/2018\/07\/etui-br\u0105zowe-pocketbook-ty\u0142-855x960.jpg 855w, https:\/\/czytio.pl\/blog\/wp-content\/uploads\/2018\/07\/etui-br\u0105zowe-pocketbook-ty\u0142-267x300.jpg 267w, https:\/\/czytio.pl\/blog\/wp-content\/uploads\/2018\/07\/etui-br\u0105zowe-pocketbook-ty\u0142-768x862.jpg 768w, https:\/\/czytio.pl\/blog\/wp-content\/uploads\/2018\/07\/etui-br\u0105zowe-pocketbook-ty\u0142-624x701.jpg 624w\" sizes=\"auto, (max-width: 670px) 100vw, 670px\" \/><\/p>\n<p><img loading=\"lazy\" decoding=\"async\" class=\"alignnone size-large wp-image-6892\" src=\"https:\/\/czytio.pl\/blog\/wp-content\/uploads\/2018\/07\/etui-br\u0105zowe-pocketbook-\u015brodek-960x638.jpg\" alt=\"Etui shell w kolorze br\u0105zowym do czytnik\u00f3w PocketBook 615 Basic Lux, PocketBook Basic 3, PocketBook Basic Touch oraz PocketBook 626(2) Touch Lux 3 od \u015brodka\" width=\"670\" height=\"445\" srcset=\"https:\/\/czytio.pl\/blog\/wp-content\/uploads\/2018\/07\/etui-br\u0105zowe-pocketbook-\u015brodek-960x638.jpg 960w, https:\/\/czytio.pl\/blog\/wp-content\/uploads\/2018\/07\/etui-br\u0105zowe-pocketbook-\u015brodek-300x200.jpg 300w, https:\/\/czytio.pl\/blog\/wp-content\/uploads\/2018\/07\/etui-br\u0105zowe-pocketbook-\u015brodek-768x511.jpg 768w, https:\/\/czytio.pl\/blog\/wp-content\/uploads\/2018\/07\/etui-br\u0105zowe-pocketbook-\u015brodek-624x415.jpg 624w\" sizes=\"auto, (max-width: 670px) 100vw, 670px\" \/><\/p>\n<p>Etui Shell do czytnik\u00f3w PocketBook w kolorze br\u0105zowym zapewni perfekcyjn\u0105 ochron\u0119 przed drobnymi uszkodzeniami i zabrudzeniami czytnikom: PocketBook 615 Basic Lux, PocketBook Basic 3, PocketBook Basic Touch oraz PocketBook 626(2) Touch Lux 3. Etui shell to niezwykle elegancki pokrowiec na czytnik ebook\u00f3w, ale tak\u017ce elegancki i funkcjonalny. Posiada on zapi\u0119cie na magens, kt\u00f3ry jeszcze bardziej zwi\u0119ksza bezpiecze\u0144stwo czytnik\u00f3w PocketBook.<\/p>\n<ol start=\"4\">\n<li>\n<h3><a href=\"https:\/\/czytio.pl\/akcesoria-do-czytnikow\/318\/etui-pocketbook-shell-niebieske\">Etui PocketBook Shell niebieskie<\/a><\/h3>\n<\/li>\n<\/ol>\n<p><img loading=\"lazy\" decoding=\"async\" class=\"alignnone size-large wp-image-6896\" src=\"https:\/\/czytio.pl\/blog\/wp-content\/uploads\/2018\/07\/etui-niebieskie-pocketbook-prz\u00f3d-800x960.jpg\" alt=\"Niebieskie etui shell do czytnik\u00f3w PocketBook 615 Basic Lux, PocketBook Basic 3, PocketBook Basic Touch oraz PocketBook 626(2) Touch Lux 3.\" width=\"670\" height=\"804\" srcset=\"https:\/\/czytio.pl\/blog\/wp-content\/uploads\/2018\/07\/etui-niebieskie-pocketbook-prz\u00f3d-800x960.jpg 800w, https:\/\/czytio.pl\/blog\/wp-content\/uploads\/2018\/07\/etui-niebieskie-pocketbook-prz\u00f3d-250x300.jpg 250w, https:\/\/czytio.pl\/blog\/wp-content\/uploads\/2018\/07\/etui-niebieskie-pocketbook-prz\u00f3d-768x921.jpg 768w, https:\/\/czytio.pl\/blog\/wp-content\/uploads\/2018\/07\/etui-niebieskie-pocketbook-prz\u00f3d-624x748.jpg 624w\" sizes=\"auto, (max-width: 670px) 100vw, 670px\" \/><\/p>\n<p><img loading=\"lazy\" decoding=\"async\" class=\"alignnone size-large wp-image-6897\" src=\"https:\/\/czytio.pl\/blog\/wp-content\/uploads\/2018\/07\/etui-niebieskie-pocketbook-ty\u0142-849x960.jpg\" alt=\"Wytrzyma\u0142e etui Shell PocketBook do modeli: PocketBook 615 Basic Lux, PocketBook Basic 3, PocketBook Basic Touch oraz PocketBook 626(2) Touch Lux 3.\" width=\"670\" height=\"758\" srcset=\"https:\/\/czytio.pl\/blog\/wp-content\/uploads\/2018\/07\/etui-niebieskie-pocketbook-ty\u0142-849x960.jpg 849w, https:\/\/czytio.pl\/blog\/wp-content\/uploads\/2018\/07\/etui-niebieskie-pocketbook-ty\u0142-265x300.jpg 265w, https:\/\/czytio.pl\/blog\/wp-content\/uploads\/2018\/07\/etui-niebieskie-pocketbook-ty\u0142-768x868.jpg 768w, https:\/\/czytio.pl\/blog\/wp-content\/uploads\/2018\/07\/etui-niebieskie-pocketbook-ty\u0142-624x705.jpg 624w\" sizes=\"auto, (max-width: 670px) 100vw, 670px\" \/><\/p>\n<p><img loading=\"lazy\" decoding=\"async\" class=\"alignnone size-large wp-image-6892\" src=\"https:\/\/czytio.pl\/blog\/wp-content\/uploads\/2018\/07\/etui-br\u0105zowe-pocketbook-\u015brodek-960x638.jpg\" alt=\"Etui shell w kolorze niebieskim do czytnik\u00f3w PocketBook 615 Basic Lux, PocketBook Basic 3, PocketBook Basic Touch oraz PocketBook 626(2) Touch Lux 3 od \u015brodka\" width=\"670\" height=\"445\" srcset=\"https:\/\/czytio.pl\/blog\/wp-content\/uploads\/2018\/07\/etui-br\u0105zowe-pocketbook-\u015brodek-960x638.jpg 960w, https:\/\/czytio.pl\/blog\/wp-content\/uploads\/2018\/07\/etui-br\u0105zowe-pocketbook-\u015brodek-300x200.jpg 300w, https:\/\/czytio.pl\/blog\/wp-content\/uploads\/2018\/07\/etui-br\u0105zowe-pocketbook-\u015brodek-768x511.jpg 768w, https:\/\/czytio.pl\/blog\/wp-content\/uploads\/2018\/07\/etui-br\u0105zowe-pocketbook-\u015brodek-624x415.jpg 624w\" sizes=\"auto, (max-width: 670px) 100vw, 670px\" \/><\/p>\n<p>Niebieskie etui Shell do czytnik\u00f3w PocketBook to doskona\u0142y wyb\u00f3r dla posiadaczy czytnik\u00f3w: PocketBook 615 Basic Lux, PocketBook Basic 3, PocketBook Basic Touch oraz PocketBook 626(2) Touch Lux 3. Etui PocketBook Shell zapewnia idealn\u0105 ochron\u0119 czytnikom ebook\u00f3w, chroni\u0105c je przed zabrudzeniami i zachlapaniami. Etui Shell w kolorze niebieskim zapewni czytnikom PocketBook dodatkow\u0105 elegancj\u0119.<\/p>\n<ol start=\"5\">\n<li>\n<h3><a href=\"https:\/\/czytio.pl\/akcesoria-do-czytnikow\/315\/etui-pocketbook-shell-czarne\">Etui PocketBook Shell czarne<\/a><\/h3>\n<\/li>\n<\/ol>\n<p><img loading=\"lazy\" decoding=\"async\" class=\"alignnone size-large wp-image-6898\" src=\"https:\/\/czytio.pl\/blog\/wp-content\/uploads\/2018\/07\/etui-czarne-pocketbook-prz\u00f3d-818x960.jpg\" alt=\"Etui Shell w kolorze czarnym do czytnik\u00f3w PocketBook 615 Basic Lux, PocketBook Basic 3, PocketBook Basic Touch oraz PocketBook 626(2) Touch Lux 3\" width=\"670\" height=\"786\" srcset=\"https:\/\/czytio.pl\/blog\/wp-content\/uploads\/2018\/07\/etui-czarne-pocketbook-prz\u00f3d-818x960.jpg 818w, https:\/\/czytio.pl\/blog\/wp-content\/uploads\/2018\/07\/etui-czarne-pocketbook-prz\u00f3d-256x300.jpg 256w, https:\/\/czytio.pl\/blog\/wp-content\/uploads\/2018\/07\/etui-czarne-pocketbook-prz\u00f3d-768x901.jpg 768w, https:\/\/czytio.pl\/blog\/wp-content\/uploads\/2018\/07\/etui-czarne-pocketbook-prz\u00f3d-624x732.jpg 624w\" sizes=\"auto, (max-width: 670px) 100vw, 670px\" \/><\/p>\n<p><img loading=\"lazy\" decoding=\"async\" class=\"alignnone size-large wp-image-6899\" src=\"https:\/\/czytio.pl\/blog\/wp-content\/uploads\/2018\/07\/etui-czarne-pocketbook-ty\u0142-867x960.jpg\" alt=\"etui czarne do czytnik\u00f3w PocketBook dla modeli PocketBook 615 Basic Lux, PocketBook Basic 3, PocketBook Basic Touch oraz PocketBook 626(2) Touch Lux 3\" width=\"670\" height=\"742\" srcset=\"https:\/\/czytio.pl\/blog\/wp-content\/uploads\/2018\/07\/etui-czarne-pocketbook-ty\u0142-867x960.jpg 867w, https:\/\/czytio.pl\/blog\/wp-content\/uploads\/2018\/07\/etui-czarne-pocketbook-ty\u0142-271x300.jpg 271w, https:\/\/czytio.pl\/blog\/wp-content\/uploads\/2018\/07\/etui-czarne-pocketbook-ty\u0142-768x851.jpg 768w, https:\/\/czytio.pl\/blog\/wp-content\/uploads\/2018\/07\/etui-czarne-pocketbook-ty\u0142-624x691.jpg 624w, https:\/\/czytio.pl\/blog\/wp-content\/uploads\/2018\/07\/etui-czarne-pocketbook-ty\u0142.jpg 2000w\" sizes=\"auto, (max-width: 670px) 100vw, 670px\" \/><\/p>\n<p><img loading=\"lazy\" decoding=\"async\" class=\"alignnone size-large wp-image-6892\" src=\"https:\/\/czytio.pl\/blog\/wp-content\/uploads\/2018\/07\/etui-br\u0105zowe-pocketbook-\u015brodek-960x638.jpg\" alt=\"Etui shell w kolorze czarnym do czytnik\u00f3w PocketBook 615 Basic Lux, PocketBook Basic 3, PocketBook Basic Touch oraz PocketBook 626(2) Touch Lux 3 od \u015brodka\" width=\"670\" height=\"445\" srcset=\"https:\/\/czytio.pl\/blog\/wp-content\/uploads\/2018\/07\/etui-br\u0105zowe-pocketbook-\u015brodek-960x638.jpg 960w, https:\/\/czytio.pl\/blog\/wp-content\/uploads\/2018\/07\/etui-br\u0105zowe-pocketbook-\u015brodek-300x200.jpg 300w, https:\/\/czytio.pl\/blog\/wp-content\/uploads\/2018\/07\/etui-br\u0105zowe-pocketbook-\u015brodek-768x511.jpg 768w, https:\/\/czytio.pl\/blog\/wp-content\/uploads\/2018\/07\/etui-br\u0105zowe-pocketbook-\u015brodek-624x415.jpg 624w\" sizes=\"auto, (max-width: 670px) 100vw, 670px\" \/><\/p>\n<p>Etui PocketBook Shell czarne to kwintesencja elegancji, kt\u00f3ra dedykowana jest czytnikom: PocketBook 615 Basic Lux, PocketBook Basic 3, PocketBook Basic Touch oraz PocketBook 626(2) Touch Lux 3. Czytniki PocketBook w etui Shell s\u0105 odporne na drobne uszkodzenia i zabrudzenia. W dodatku zapi\u0119cie na magnes powoduje, \u017ce etui nie otworzy si\u0119 samoistnie. Etui s\u0105 wykonane z solidnego syntetycznego materia\u0142u, dzi\u0119ki czemu s\u0105 one bardzo wytrzyma\u0142e.<\/p>\n","protected":false},"excerpt":{"rendered":"<p>Przedstawiamy niezwykle solidne i wytrzyma\u0142e etui Shell od PocketBook dla modeli:\u00a0PocketBook 615 Basic Lux, PocketBook Basic 3, PocketBook Basic Touch oraz PocketBook 626(2) Touch Lux 3. &nbsp; Etui PocketBook Shell szare Etui w kolorze szarym dedykowane czytnikom: PocketBook 615 Basic Lux, PocketBook Basic 3, PocketBook Basic Touch oraz PocketBook 626(2) Touch Lux 3 zapewni im [&hellip;]<\/p>\n","protected":false},"author":2,"featured_media":6900,"comment_status":"open","ping_status":"closed","sticky":false,"template":"","format":"standard","meta":{"footnotes":""},"categories":[10],"tags":[804,807,810,808,809,182,805,811,806,812],"class_list":["post-6884","post","type-post","status-publish","format-standard","has-post-thumbnail","hentry","category-inne","tag-etui-do-czytnikow","tag-etui-do-pocketbook-615-basic-lux","tag-etui-do-pocketbook-6262-touch-lux-3","tag-etui-do-pocketbook-basic-3","tag-etui-do-pocketbook-basic-touch","tag-etui-pocketbook","tag-futeral-na-czytniki","tag-kolorowe-etui-pocketbook","tag-pokrowiec-na-czytniki-ebookow","tag-solidne-etui-pocketbook"],"aioseo_notices":[],"views":5305,"_links":{"self":[{"href":"https:\/\/czytio.pl\/blog\/wp-json\/wp\/v2\/posts\/6884","targetHints":{"allow":["GET"]}}],"collection":[{"href":"https:\/\/czytio.pl\/blog\/wp-json\/wp\/v2\/posts"}],"about":[{"href":"https:\/\/czytio.pl\/blog\/wp-json\/wp\/v2\/types\/post"}],"author":[{"embeddable":true,"href":"https:\/\/czytio.pl\/blog\/wp-json\/wp\/v2\/users\/2"}],"replies":[{"embeddable":true,"href":"https:\/\/czytio.pl\/blog\/wp-json\/wp\/v2\/comments?post=6884"}],"version-history":[{"count":3,"href":"https:\/\/czytio.pl\/blog\/wp-json\/wp\/v2\/posts\/6884\/revisions"}],"predecessor-version":[{"id":6901,"href":"https:\/\/czytio.pl\/blog\/wp-json\/wp\/v2\/posts\/6884\/revisions\/6901"}],"wp:featuredmedia":[{"embeddable":true,"href":"https:\/\/czytio.pl\/blog\/wp-json\/wp\/v2\/media\/6900"}],"wp:attachment":[{"href":"https:\/\/czytio.pl\/blog\/wp-json\/wp\/v2\/media?parent=6884"}],"wp:term":[{"taxonomy":"category","embeddable":true,"href":"https:\/\/czytio.pl\/blog\/wp-json\/wp\/v2\/categories?post=6884"},{"taxonomy":"post_tag","embeddable":true,"href":"https:\/\/czytio.pl\/blog\/wp-json\/wp\/v2\/tags?post=6884"}],"curies":[{"name":"wp","href":"https:\/\/api.w.org\/{rel}","templated":true}]}}