{"id":6582,"date":"2018-02-15T12:18:28","date_gmt":"2018-02-15T12:18:28","guid":{"rendered":"http:\/\/czytio.pl\/blog\/?p=6582"},"modified":"2023-04-25T13:21:34","modified_gmt":"2023-04-25T12:21:34","slug":"nowy-czytnik-pocketbook-inkpad-3-juz-jest-dostepny-w-polsce","status":"publish","type":"post","link":"https:\/\/czytio.pl\/blog\/nowy-czytnik-pocketbook-inkpad-3-juz-jest-dostepny-w-polsce\/","title":{"rendered":"Nowy czytnik PocketBook InkPad 3 ju\u017c jest dost\u0119pny w Polsce!"},"content":{"rendered":"<h2 style=\"text-align: left;\">Nie bez powodu czytnik PocketBook InkPad 3\u00a0 to jeden z najbardziej wyczekiwanych czytnik\u00f3w &#8211;\u00a0 l\u017cejszy, mniejszy, z pod\u015bwietleniem SMARTlight, automatyczn\u0105 rotacj\u0105 tekstu i nowym wygl\u0105dem.<\/h2>\n<p>&nbsp;<\/p>\n<p><img loading=\"lazy\" decoding=\"async\" class=\"wp-image-6584 aligncenter\" src=\"https:\/\/czytio.pl\/blog\/wp-content\/uploads\/2018\/02\/Nowy-PocketBook-InkPad-3-640x960.jpeg\" alt=\"PocketBook InkPad 3 dost\u0119pny w Polsce\" width=\"268\" height=\"402\" srcset=\"https:\/\/czytio.pl\/blog\/wp-content\/uploads\/2018\/02\/Nowy-PocketBook-InkPad-3-640x960.jpeg 640w, https:\/\/czytio.pl\/blog\/wp-content\/uploads\/2018\/02\/Nowy-PocketBook-InkPad-3-200x300.jpeg 200w, https:\/\/czytio.pl\/blog\/wp-content\/uploads\/2018\/02\/Nowy-PocketBook-InkPad-3-768x1151.jpeg 768w, https:\/\/czytio.pl\/blog\/wp-content\/uploads\/2018\/02\/Nowy-PocketBook-InkPad-3-624x936.jpeg 624w, https:\/\/czytio.pl\/blog\/wp-content\/uploads\/2018\/02\/Nowy-PocketBook-InkPad-3.jpeg 1366w\" sizes=\"auto, (max-width: 268px) 100vw, 268px\" \/><\/p>\n<p>&nbsp;<\/p>\n<p style=\"text-align: left;\">Niespe\u0142na <strong>o\u015bmiocalowy wy\u015bwietlacz <\/strong>przypadnie do gustu osobom lubi\u0105cym czytniki \u015bredniej wielko\u015bci. Rozdzielczo\u015b\u0107 r\u00f3wna jest 300 dpi, a litery wydaj\u0105 si\u0119 by\u0107 niezwykle ostre i wyra\u017ane. To wszystko sprawia,\u00a0 \u017ce mamy wra\u017cenie jakby\u015bmy trzymali w r\u0119ku tradycyjn\u0105 ksi\u0105\u017ck\u0119.<\/p>\n<h3><strong>\u00a0 \u00a01<\/strong>. Pod\u015bwietlenie<\/h3>\n<p>Uwag\u0119 przyci\u0105ga przednie pod\u015bwietlenie, kt\u00f3re zosta\u0142o rozszerzone o <strong>automatyczny tryb SMARTlight i mo\u017cliwo\u015b\u0107 \u00a0samodzielnego wybierania nat\u0119\u017cenia i barwy \u015bwiat\u0142a<\/strong>. Dodatkowo u\u017cytkownik ma mo\u017cliwo\u015b\u0107\u00a0 zdefiniowa\u0107 nieograniczon\u0105 ilo\u015b\u0107 dynamicznych dobowych ustawie\u0144 parametr\u00f3w pod\u015bwietlenia, wed\u0142ug w\u0142asnych preferencji i warunki zewn\u0119trzne, maj\u0105ce wp\u0142yw na komfort czytania.<\/p>\n<h3>\u00a0 <strong>\u00a02<\/strong>. Pami\u0119\u0107<\/h3>\n<p>Warto tak\u017ce wspomnie\u0107 o procesorze Dual Core (2x1GHz) oraz\u00a0 1 GB pami\u0119ci RAM. PocketBook InkPad 3 <strong>mo\u017ce zmie\u015bci\u0107 ponad 2000 ksi\u0105\u017cek w \u00a017 r\u00f3\u017cnych formatach<\/strong>, dzi\u0119ki wbudowanej wewn\u0119trznej pami\u0119ci 8 GB (rozszerzalnej poprzez kart\u0119 microSD do 32 GB). Jest tak\u017ce co\u015b dla zwolennik\u00f3w audiobook\u00f3w &#8211; czytnik posiada funkcj\u0119 Text-to-Speech, dzi\u0119ki czemu ka\u017cdy z format\u00f3w mo\u017ce zosta\u0107 przekonwertowany na mow\u0119. Ponadto nowy czytnik od PocketBook obs\u0142uguje r\u00f3wnie\u017c pliki mp3.\u00a0 Mo\u017cna do tego wykorzysta\u0107 zawarty w zestawie adapter micro USB &#8211; audio jack.<\/p>\n<p>&nbsp;<\/p>\n<p><img loading=\"lazy\" decoding=\"async\" class=\"alignnone size-large wp-image-6587\" src=\"https:\/\/czytio.pl\/blog\/wp-content\/uploads\/2018\/02\/Nowy-PocketBook-InkPad-3-port-usb-od-boku-960x130.jpeg\" alt=\"PocketBook InkPad 3 port usb od boku w sprzeda\u017cy w Polsce\" width=\"670\" height=\"91\" srcset=\"https:\/\/czytio.pl\/blog\/wp-content\/uploads\/2018\/02\/Nowy-PocketBook-InkPad-3-port-usb-od-boku-960x130.jpeg 960w, https:\/\/czytio.pl\/blog\/wp-content\/uploads\/2018\/02\/Nowy-PocketBook-InkPad-3-port-usb-od-boku-300x41.jpeg 300w, https:\/\/czytio.pl\/blog\/wp-content\/uploads\/2018\/02\/Nowy-PocketBook-InkPad-3-port-usb-od-boku-768x104.jpeg 768w, https:\/\/czytio.pl\/blog\/wp-content\/uploads\/2018\/02\/Nowy-PocketBook-InkPad-3-port-usb-od-boku-624x85.jpeg 624w, https:\/\/czytio.pl\/blog\/wp-content\/uploads\/2018\/02\/Nowy-PocketBook-InkPad-3-port-usb-od-boku.jpeg 2048w\" sizes=\"auto, (max-width: 670px) 100vw, 670px\" \/><\/p>\n<h3>\u00a0 \u00a03. Design<\/h3>\n<p>Producent nie zapomnia\u0142 tak\u017ce o zaskakuj\u0105cym designie. \u0141agodne zaokr\u0105glone rogi przechodz\u0105 w ostre kraw\u0119dzie, z kolei l\u015bni\u0105ce przyciski dodaj\u0105 mu elegancji. Po\u0142\u0105czenie tych na poz\u00f3r sprzecznych rozwi\u0105za\u0144 spowodowa\u0142o powstanie ca\u0142kiem nowego, unikalnego wzornictwa.<\/p>\n<p>&nbsp;<\/p>\n<p><img loading=\"lazy\" decoding=\"async\" class=\"alignnone size-large wp-image-6585\" src=\"https:\/\/czytio.pl\/blog\/wp-content\/uploads\/2018\/02\/Nowy-PocketBook-InkPad-3-design-od-boku-kraw\u0119dzie-960x174.jpeg\" alt=\"PocketBook InkPad 3 od boku, desgin, kraw\u0119dzie, ju\u017c dost\u0119pny w Polsce\" width=\"670\" height=\"121\" srcset=\"https:\/\/czytio.pl\/blog\/wp-content\/uploads\/2018\/02\/Nowy-PocketBook-InkPad-3-design-od-boku-kraw\u0119dzie-960x174.jpeg 960w, https:\/\/czytio.pl\/blog\/wp-content\/uploads\/2018\/02\/Nowy-PocketBook-InkPad-3-design-od-boku-kraw\u0119dzie-300x54.jpeg 300w, https:\/\/czytio.pl\/blog\/wp-content\/uploads\/2018\/02\/Nowy-PocketBook-InkPad-3-design-od-boku-kraw\u0119dzie-768x139.jpeg 768w, https:\/\/czytio.pl\/blog\/wp-content\/uploads\/2018\/02\/Nowy-PocketBook-InkPad-3-design-od-boku-kraw\u0119dzie-624x113.jpeg 624w, https:\/\/czytio.pl\/blog\/wp-content\/uploads\/2018\/02\/Nowy-PocketBook-InkPad-3-design-od-boku-kraw\u0119dzie.jpeg 2048w\" sizes=\"auto, (max-width: 670px) 100vw, 670px\" \/><\/p>\n<p>&nbsp;<\/p>\n<h3>\u00a0 \u00a04. Waga i wielko\u015b\u0107<\/h3>\n<p><strong>Jest tak\u017ce du\u017co mniejszy i l\u017cejszy od poprzednich modeli<\/strong>. Jego waga jest r\u00f3wna zaledwie 210 gram\u00f3w, mierzy 195 x 136,5 x 8 mm. Wygod\u0119 u\u017cytkowania dope\u0142nia tak\u017ce dotykowy ekran, ergonomiczne przyciski oraz automatyczna rotacja tekstu, za kt\u00f3r\u0105 odpowiada wbudowany w urz\u0105dzenie \u017cyroskop. \u00a0<strong>InkPad 3 ma tak\u017ce dedykowan\u0105 ok\u0142adk\u0119, kt\u00f3rej zamkni\u0119cie uruchamia tryb u\u015bpienia czytnika <\/strong>(pojawi si\u0119 ona w po\u0142owie marca).<\/p>\n<h3>\u00a0 5. Cena<\/h3>\n<p>Sugerowana cena przez PocketBook wynosi 1099 z\u0142otych.<\/p>\n<p><a class=\"widget-czytio\" href=\"https:\/\/czytio.pl\/czytniki-ebookow\/348\/pocketbook-inkpad-3-brazowy\" data-type=\"line\">PocketBbook InkPad 3<\/a><\/p>\n","protected":false},"excerpt":{"rendered":"<p>Nie bez powodu czytnik PocketBook InkPad 3\u00a0 to jeden z najbardziej wyczekiwanych czytnik\u00f3w &#8211;\u00a0 l\u017cejszy, mniejszy, z pod\u015bwietleniem SMARTlight, automatyczn\u0105 rotacj\u0105 tekstu i nowym wygl\u0105dem. &nbsp; &nbsp; Niespe\u0142na o\u015bmiocalowy wy\u015bwietlacz przypadnie do gustu osobom lubi\u0105cym czytniki \u015bredniej wielko\u015bci. Rozdzielczo\u015b\u0107 r\u00f3wna jest 300 dpi, a litery wydaj\u0105 si\u0119 by\u0107 niezwykle ostre i wyra\u017ane. To wszystko sprawia,\u00a0 [&hellip;]<\/p>\n","protected":false},"author":2,"featured_media":6589,"comment_status":"open","ping_status":"closed","sticky":false,"template":"","format":"standard","meta":{"footnotes":""},"categories":[11],"tags":[198,16,700,237,698,701,697,699,696,6,695],"class_list":["post-6582","post","type-post","status-publish","format-standard","has-post-thumbnail","hentry","category-aktualnosci","tag-8-calowy-czytnik","tag-czytnik","tag-czytnik-inkpad-3","tag-e-book","tag-inkpad-3-kiedy-w-polsce","tag-inkpad-3-parametry","tag-inkpad-3-polska","tag-inkpad-3-sprzedaz-polska","tag-nowy-pocketbook","tag-pocketbook","tag-pocketbook-inkpad-3"],"aioseo_notices":[],"views":3042,"_links":{"self":[{"href":"https:\/\/czytio.pl\/blog\/wp-json\/wp\/v2\/posts\/6582","targetHints":{"allow":["GET"]}}],"collection":[{"href":"https:\/\/czytio.pl\/blog\/wp-json\/wp\/v2\/posts"}],"about":[{"href":"https:\/\/czytio.pl\/blog\/wp-json\/wp\/v2\/types\/post"}],"author":[{"embeddable":true,"href":"https:\/\/czytio.pl\/blog\/wp-json\/wp\/v2\/users\/2"}],"replies":[{"embeddable":true,"href":"https:\/\/czytio.pl\/blog\/wp-json\/wp\/v2\/comments?post=6582"}],"version-history":[{"count":6,"href":"https:\/\/czytio.pl\/blog\/wp-json\/wp\/v2\/posts\/6582\/revisions"}],"predecessor-version":[{"id":11478,"href":"https:\/\/czytio.pl\/blog\/wp-json\/wp\/v2\/posts\/6582\/revisions\/11478"}],"wp:featuredmedia":[{"embeddable":true,"href":"https:\/\/czytio.pl\/blog\/wp-json\/wp\/v2\/media\/6589"}],"wp:attachment":[{"href":"https:\/\/czytio.pl\/blog\/wp-json\/wp\/v2\/media?parent=6582"}],"wp:term":[{"taxonomy":"category","embeddable":true,"href":"https:\/\/czytio.pl\/blog\/wp-json\/wp\/v2\/categories?post=6582"},{"taxonomy":"post_tag","embeddable":true,"href":"https:\/\/czytio.pl\/blog\/wp-json\/wp\/v2\/tags?post=6582"}],"curies":[{"name":"wp","href":"https:\/\/api.w.org\/{rel}","templated":true}]}}