{"id":6421,"date":"2018-01-08T10:40:29","date_gmt":"2018-01-08T10:40:29","guid":{"rendered":"http:\/\/czytio.pl\/blog\/?p=6421"},"modified":"2023-04-25T13:29:54","modified_gmt":"2023-04-25T12:29:54","slug":"prezentujemy-15-najlepszych-tytulow-ubieglego-roku-2017","status":"publish","type":"post","link":"https:\/\/czytio.pl\/blog\/prezentujemy-15-najlepszych-tytulow-ubieglego-roku-2017\/","title":{"rendered":"Prezentujemy 15 najlepszych tytu\u0142\u00f3w ubieg\u0142ego roku 2017!"},"content":{"rendered":"<p>Nowy rok, nowe postanowienia. Czas weryfikacji list powsta\u0142ych w my\u015bl postanowie\u0144 noworocznych oraz tworzenie nowych.<\/p>\n<p>Polskimi autorami, o kt\u00f3rych by\u0142o najg\u0142o\u015bniej w ubieg\u0142ym roku to<strong> Katarzyna Bonda, Remigiusz Mr\u00f3z czy Piotr C.<\/strong> za\u015b najch\u0119tniej czytanymi powie\u015bciami by\u0142y krymina\u0142y, powie\u015bci obyczajowe oraz oparte na emocjach.<\/p>\n<p>Teraz tytu\u0142owe ebooki:<\/p>\n<p><strong>1.Brown Dan- Pocz\u0105tek<\/strong><\/p>\n<p>Robert Langdon, profesor Uniwersytetu Harvarda i specjalista od symboli po raz kolejny\u00a0 podejmuje wyzwanie. Tym razem przenosi nas do malowniczej Hiszpanii. Tam przemierza ulice Madrytu, Barcelony, Sewilli i Bilbao w poszukiwaniu odpowiedzi na nurtuj\u0105ce ludzko\u015b\u0107 pytania.<\/p>\n<p><img loading=\"lazy\" decoding=\"async\" class=\"alignnone wp-image-6422\" src=\"https:\/\/czytio.pl\/blog\/wp-content\/uploads\/2018\/01\/Brown-Dan-Pocz\u0105tek.png\" alt=\"\" width=\"352\" height=\"352\" srcset=\"https:\/\/czytio.pl\/blog\/wp-content\/uploads\/2018\/01\/Brown-Dan-Pocz\u0105tek.png 800w, https:\/\/czytio.pl\/blog\/wp-content\/uploads\/2018\/01\/Brown-Dan-Pocz\u0105tek-150x150.png 150w, https:\/\/czytio.pl\/blog\/wp-content\/uploads\/2018\/01\/Brown-Dan-Pocz\u0105tek-300x300.png 300w, https:\/\/czytio.pl\/blog\/wp-content\/uploads\/2018\/01\/Brown-Dan-Pocz\u0105tek-768x768.png 768w, https:\/\/czytio.pl\/blog\/wp-content\/uploads\/2018\/01\/Brown-Dan-Pocz\u0105tek-624x624.png 624w\" sizes=\"auto, (max-width: 352px) 100vw, 352px\" \/><\/p>\n<p><strong>2.Paris B.A.- Za zamkni\u0119tymi drzwiami<\/strong><\/p>\n<p>Perfekcyjne ma\u0142\u017ce\u0144stwo czy fikcja. Ksi\u0105\u017cka, kt\u00f3ra wci\u0105ga, a czyta si\u0119 j\u0105 jednym tchem. Mocny psychologiczny thriller to drugie imi\u0119 tej powie\u015bci. Pere\u0142ka roku 2017!<\/p>\n<p><img loading=\"lazy\" decoding=\"async\" class=\"alignnone wp-image-6424\" src=\"https:\/\/czytio.pl\/blog\/wp-content\/uploads\/2018\/01\/Paris-B.A.-Za-zamkni\u0119tymi-drzwiami.png\" alt=\"Paris B.A.- Za zamkni\u0119tymi drzwiami, 2017, ebook, ksi\u0105\u017cka, pozycja, pere\u0142ka roku, bestseller, PocketBook Touch Lux 3 Gold\" width=\"352\" height=\"352\" srcset=\"https:\/\/czytio.pl\/blog\/wp-content\/uploads\/2018\/01\/Paris-B.A.-Za-zamkni\u0119tymi-drzwiami.png 800w, https:\/\/czytio.pl\/blog\/wp-content\/uploads\/2018\/01\/Paris-B.A.-Za-zamkni\u0119tymi-drzwiami-150x150.png 150w, https:\/\/czytio.pl\/blog\/wp-content\/uploads\/2018\/01\/Paris-B.A.-Za-zamkni\u0119tymi-drzwiami-300x300.png 300w, https:\/\/czytio.pl\/blog\/wp-content\/uploads\/2018\/01\/Paris-B.A.-Za-zamkni\u0119tymi-drzwiami-768x768.png 768w, https:\/\/czytio.pl\/blog\/wp-content\/uploads\/2018\/01\/Paris-B.A.-Za-zamkni\u0119tymi-drzwiami-624x624.png 624w\" sizes=\"auto, (max-width: 352px) 100vw, 352px\" \/><\/p>\n<p><strong>3.Remigiusz Mr\u00f3z- W kr\u0119gach w\u0142adzy. Tom 1. Wotum nieufno\u015bci<\/strong><\/p>\n<p>Marsza\u0142ek sejmu, Daria Seyda, budzi si\u0119 w pokoju hotelowym, nie pami\u0119taj\u0105c, jak si\u0119 w nim znalaz\u0142a ani co si\u0119 z ni\u0105 dzia\u0142o przez ostatnich dziesi\u0119\u0107 godzin. Jest przekonana, \u017ce sta\u0142a si\u0119 ofiar\u0105 manipulacji, ale nie wie, kto ani dlaczego mo\u017ce za ni\u0105 sta\u0107. Czy rozwik\u0142a zagadk\u0119 i dowie si\u0119 kto za ni\u0105 stoi?<\/p>\n<p><img loading=\"lazy\" decoding=\"async\" class=\"alignnone wp-image-6425\" src=\"https:\/\/czytio.pl\/blog\/wp-content\/uploads\/2018\/01\/Remigiusz-Mr\u00f3z-W-kr\u0119gach-w\u0142adzy.-Tom-1.-Wotum-nieufno\u015bci.png\" alt=\"Remigiusz Mr\u00f3z- W kr\u0119gach w\u0142adzy. Tom 1. Wotum nieufno\u015bci, 2017, ebook, ksi\u0105\u017cka, pozycja, pere\u0142ka roku, bestseller, PocketBook Touch HD2. \" width=\"352\" height=\"352\" srcset=\"https:\/\/czytio.pl\/blog\/wp-content\/uploads\/2018\/01\/Remigiusz-Mr\u00f3z-W-kr\u0119gach-w\u0142adzy.-Tom-1.-Wotum-nieufno\u015bci.png 800w, https:\/\/czytio.pl\/blog\/wp-content\/uploads\/2018\/01\/Remigiusz-Mr\u00f3z-W-kr\u0119gach-w\u0142adzy.-Tom-1.-Wotum-nieufno\u015bci-150x150.png 150w, https:\/\/czytio.pl\/blog\/wp-content\/uploads\/2018\/01\/Remigiusz-Mr\u00f3z-W-kr\u0119gach-w\u0142adzy.-Tom-1.-Wotum-nieufno\u015bci-300x300.png 300w, https:\/\/czytio.pl\/blog\/wp-content\/uploads\/2018\/01\/Remigiusz-Mr\u00f3z-W-kr\u0119gach-w\u0142adzy.-Tom-1.-Wotum-nieufno\u015bci-768x768.png 768w, https:\/\/czytio.pl\/blog\/wp-content\/uploads\/2018\/01\/Remigiusz-Mr\u00f3z-W-kr\u0119gach-w\u0142adzy.-Tom-1.-Wotum-nieufno\u015bci-624x624.png 624w\" sizes=\"auto, (max-width: 352px) 100vw, 352px\" \/><\/p>\n<p><strong>4.\u00a0Laurelin Paige- Uwik\u0142ani tom 3. Na zawsze<\/strong><\/p>\n<p>Nazwana mianem: \u201d<em>Lepsza od trylogii Greya<\/em>\u201d. Ognisty romans z zaskakuj\u0105c\u0105 histori\u0105 w tle. Jedna z trzech cz\u0119\u015bci trylogii opisuj\u0105cej losy ob\u0142\u0119dnie pi\u0119knej i inteligentnej Alayny oraz nieziemsko przystojnego miliardera.<\/p>\n<p><img loading=\"lazy\" decoding=\"async\" class=\"alignnone wp-image-6426\" src=\"https:\/\/czytio.pl\/blog\/wp-content\/uploads\/2018\/01\/Laurelin-Paige-Uwik\u0142ani-tom-3.-Na-zawsze.png\" alt=\"Laurelin Paige- Uwik\u0142ani tom 3. Na zawsze, 2017, ebook, ksi\u0105\u017cka, pozycja, pere\u0142ka roku, bestseller, PocketBook Aqua 2\" width=\"352\" height=\"352\" srcset=\"https:\/\/czytio.pl\/blog\/wp-content\/uploads\/2018\/01\/Laurelin-Paige-Uwik\u0142ani-tom-3.-Na-zawsze.png 800w, https:\/\/czytio.pl\/blog\/wp-content\/uploads\/2018\/01\/Laurelin-Paige-Uwik\u0142ani-tom-3.-Na-zawsze-150x150.png 150w, https:\/\/czytio.pl\/blog\/wp-content\/uploads\/2018\/01\/Laurelin-Paige-Uwik\u0142ani-tom-3.-Na-zawsze-300x300.png 300w, https:\/\/czytio.pl\/blog\/wp-content\/uploads\/2018\/01\/Laurelin-Paige-Uwik\u0142ani-tom-3.-Na-zawsze-768x768.png 768w, https:\/\/czytio.pl\/blog\/wp-content\/uploads\/2018\/01\/Laurelin-Paige-Uwik\u0142ani-tom-3.-Na-zawsze-624x624.png 624w\" sizes=\"auto, (max-width: 352px) 100vw, 352px\" \/><\/p>\n<p><strong>5. Camilla Lackberg- Czarownica.<\/strong><\/p>\n<p>Krymina\u0142, kt\u00f3ry trzyma w napi\u0119ciu od samego pocz\u0105tku. Ksi\u0105\u017cka opowiada o zagini\u0119ciu czteroletniej Linnei z gospodarstwa ko\u0142o Fj\u00e4llbacki. Jej znikni\u0119cie przypomina tragiczne wydarzenie sprzed trzydziestu lat- zab\u00f3jstwie ma\u0142ej dziewczynki zabitej przez dwie trzynastolatki. Czy te na poz\u00f3r niepodobne wydarzenia \u0142\u0105cz\u0105 si\u0119 i kryj\u0105 wsp\u00f3ln\u0105 tajemnic\u0119?<\/p>\n<p><img loading=\"lazy\" decoding=\"async\" class=\"alignnone wp-image-6427\" src=\"https:\/\/czytio.pl\/blog\/wp-content\/uploads\/2018\/01\/Camilla-Lackberg-Czarownica..png\" alt=\"Camilla Lackberg- Czarownica, 2017, ebook, ksi\u0105\u017cka, pozycja, pere\u0142ka roku, bestseller, PocketBook Basic Lux.\" width=\"352\" height=\"352\" srcset=\"https:\/\/czytio.pl\/blog\/wp-content\/uploads\/2018\/01\/Camilla-Lackberg-Czarownica..png 800w, https:\/\/czytio.pl\/blog\/wp-content\/uploads\/2018\/01\/Camilla-Lackberg-Czarownica.-150x150.png 150w, https:\/\/czytio.pl\/blog\/wp-content\/uploads\/2018\/01\/Camilla-Lackberg-Czarownica.-300x300.png 300w, https:\/\/czytio.pl\/blog\/wp-content\/uploads\/2018\/01\/Camilla-Lackberg-Czarownica.-768x768.png 768w, https:\/\/czytio.pl\/blog\/wp-content\/uploads\/2018\/01\/Camilla-Lackberg-Czarownica.-624x624.png 624w\" sizes=\"auto, (max-width: 352px) 100vw, 352px\" \/><\/p>\n<p><strong>6.\u00a0Lagercrantz David &#8211; Millennium. Tom 5. M\u0119\u017cczyzna, kt\u00f3ry goni\u0142 sw\u00f3j cie\u0144.<\/strong><\/p>\n<p>Kontynuacja kultowej trylogii Millennium pi\u00f3ra Davida Lagercrantza. LisbethSalander odbywa kar\u0119 w wi\u0119zieniu dla kobiet Flodberga i stara si\u0119 nie wchodzi\u0107 w \u017cadne konflikty. Pewnego dnia staje w obronie prze\u015bladowanej dziewczyny z Bangladeszu i \u015bciera si\u0119 z przyw\u00f3dczyni\u0105 wi\u0119ziennego gangu.<\/p>\n<p><img loading=\"lazy\" decoding=\"async\" class=\"alignnone wp-image-6428 \" src=\"https:\/\/czytio.pl\/blog\/wp-content\/uploads\/2018\/01\/Lagercrantz-David-Millennium.-Tom-5.-M\u0119\u017cczyzna-kt\u00f3ry-goni\u0142-sw\u00f3j-cie\u0144..png\" alt=\"Lagercrantz David - Millennium. Tom 5. M\u0119\u017cczyzna, kt\u00f3ry goni\u0142 sw\u00f3j cie\u0144, ebook, ksi\u0105\u017cka, pozycja, pere\u0142ka roku, bestseller, Cybook Muse HD\" width=\"352\" height=\"352\" srcset=\"https:\/\/czytio.pl\/blog\/wp-content\/uploads\/2018\/01\/Lagercrantz-David-Millennium.-Tom-5.-M\u0119\u017cczyzna-kt\u00f3ry-goni\u0142-sw\u00f3j-cie\u0144..png 800w, https:\/\/czytio.pl\/blog\/wp-content\/uploads\/2018\/01\/Lagercrantz-David-Millennium.-Tom-5.-M\u0119\u017cczyzna-kt\u00f3ry-goni\u0142-sw\u00f3j-cie\u0144.-150x150.png 150w, https:\/\/czytio.pl\/blog\/wp-content\/uploads\/2018\/01\/Lagercrantz-David-Millennium.-Tom-5.-M\u0119\u017cczyzna-kt\u00f3ry-goni\u0142-sw\u00f3j-cie\u0144.-300x300.png 300w, https:\/\/czytio.pl\/blog\/wp-content\/uploads\/2018\/01\/Lagercrantz-David-Millennium.-Tom-5.-M\u0119\u017cczyzna-kt\u00f3ry-goni\u0142-sw\u00f3j-cie\u0144.-768x768.png 768w, https:\/\/czytio.pl\/blog\/wp-content\/uploads\/2018\/01\/Lagercrantz-David-Millennium.-Tom-5.-M\u0119\u017cczyzna-kt\u00f3ry-goni\u0142-sw\u00f3j-cie\u0144.-624x624.png 624w\" sizes=\"auto, (max-width: 352px) 100vw, 352px\" \/><\/p>\n<p><strong>7.\u00a0Hawkins Paula- Dziewczyna z poci\u0105gu<\/strong><\/p>\n<p>Najszybciej sprzedaj\u0105ca si\u0119 debiutuj\u0105ca powie\u015b\u0107 dla doros\u0142ych w historii brytyjskiego rynku. Co 6 sekund kto\u015b w Stanach Zjednoczonych kupuje t\u0119 ksi\u0105\u017ck\u0119. O czym opowiada? G\u0142\u00f3wna bohaterka ka\u017cdego ranka doje\u017cd\u017ca do pracy tym samym poci\u0105giem. Wie, \u017ce poci\u0105g zawsze zatrzymuje si\u0119 przed tym samym semaforem, dok\u0142adnie naprzeciwko szeregu dom\u00f3w. Zaczyna si\u0119 jej nawet wydawa\u0107, \u017ce zna ludzi, kt\u00f3rzy mieszkaj\u0105 w jednym z nich. Nagle widzi co\u015b wstrz\u0105saj\u0105cego. Widzi to tylko przez chwil\u0119, bo poci\u0105g rusza, ale to wystarcza. Wszystko si\u0119 zmienia. Rachel ma teraz okazj\u0119 sta\u0107 si\u0119 cz\u0119\u015bci\u0105 \u017cycia ludzi, kt\u00f3rych widywa\u0142a jedynie z daleka.<\/p>\n<p><img loading=\"lazy\" decoding=\"async\" class=\"alignnone wp-image-6429\" src=\"https:\/\/czytio.pl\/blog\/wp-content\/uploads\/2018\/01\/Hawkins-Paula-Dziewczyna-z-poci\u0105gu.png\" alt=\"Hawkins Paula- Dziewczyna z poci\u0105gu, ebook, ksi\u0105\u017cka, pozycja, pere\u0142ka roku, bestseller, PocketBook Basic 3.\" width=\"352\" height=\"352\" srcset=\"https:\/\/czytio.pl\/blog\/wp-content\/uploads\/2018\/01\/Hawkins-Paula-Dziewczyna-z-poci\u0105gu.png 800w, https:\/\/czytio.pl\/blog\/wp-content\/uploads\/2018\/01\/Hawkins-Paula-Dziewczyna-z-poci\u0105gu-150x150.png 150w, https:\/\/czytio.pl\/blog\/wp-content\/uploads\/2018\/01\/Hawkins-Paula-Dziewczyna-z-poci\u0105gu-300x300.png 300w, https:\/\/czytio.pl\/blog\/wp-content\/uploads\/2018\/01\/Hawkins-Paula-Dziewczyna-z-poci\u0105gu-768x768.png 768w, https:\/\/czytio.pl\/blog\/wp-content\/uploads\/2018\/01\/Hawkins-Paula-Dziewczyna-z-poci\u0105gu-624x624.png 624w\" sizes=\"auto, (max-width: 352px) 100vw, 352px\" \/><\/p>\n<p><strong>8. King Stephe-To<\/strong><\/p>\n<p>W naszym zestawieniu nie mog\u0142o zabrakn\u0105\u0107 mocnego thrillera Stephena Kinga. Derry w stanie Maine to miejsce ledwie widoczne na mapie. Dochodzi tu do wyj\u0105tkowej eskalacji zbrodni, okrutnych morderstw, gwa\u0142t\u00f3w i tajemniczych wypadk\u00f3w. W kana\u0142ach miasteczka zal\u0119g\u0142o si\u0119 To. Bli\u017cej nieokre\u015blone, przybiera najr\u00f3\u017cniejsze postaci \u2013 klauna, ogromnego ptaszyska, g\u0142osu w rurach. Poluje na dzieci. Zajrzyjcie do ksi\u0105\u017cki, a poznacie wi\u0119cej szczeg\u00f3\u0142\u00f3w.<\/p>\n<p><img loading=\"lazy\" decoding=\"async\" class=\"alignnone wp-image-6430\" src=\"https:\/\/czytio.pl\/blog\/wp-content\/uploads\/2018\/01\/Stephen-King-to.png\" alt=\"King Stephe-To, ebook, ksi\u0105\u017cka, pozycja, pere\u0142ka roku, bestseller, PocketBook Touch Lux 3.\" width=\"352\" height=\"352\" srcset=\"https:\/\/czytio.pl\/blog\/wp-content\/uploads\/2018\/01\/Stephen-King-to.png 800w, https:\/\/czytio.pl\/blog\/wp-content\/uploads\/2018\/01\/Stephen-King-to-150x150.png 150w, https:\/\/czytio.pl\/blog\/wp-content\/uploads\/2018\/01\/Stephen-King-to-300x300.png 300w, https:\/\/czytio.pl\/blog\/wp-content\/uploads\/2018\/01\/Stephen-King-to-768x768.png 768w, https:\/\/czytio.pl\/blog\/wp-content\/uploads\/2018\/01\/Stephen-King-to-624x624.png 624w\" sizes=\"auto, (max-width: 352px) 100vw, 352px\" \/><\/p>\n<p><strong>9. Kubicki Grzegorz, Drzewicki Maciej &#8211; Ania. Biografia Anny Przybylskiej<\/strong><\/p>\n<p><em>Ksi\u0105\u017cka o Ani Przybylskiej jest gor\u0105ca. Jak ca\u0142e Jej \u017cycie, kt\u00f3re nie cierpia\u0142o nudy i szaro\u015bci. Je\u017celi ludzkie losy zas\u0142uguj\u0105 na epilog, to ta ksi\u0105\u017cka nim jest. Dla mnie to po prostu kolejne spotkanie z ulubion\u0105 kumpel\u0105 z bran\u017cy i radosnym cz\u0142owiekiem. A my\u015bla\u0142em, \u017ce to ju\u017c niemo\u017cliwe&#8230; Gor\u0105co polecam. <\/em>Cezary Pazura.<\/p>\n<p><img loading=\"lazy\" decoding=\"async\" class=\"alignnone wp-image-6432\" src=\"https:\/\/czytio.pl\/blog\/wp-content\/uploads\/2018\/01\/Kubicki-Grzegorz-Drzewicki-Maciej-Ania.-Biografia-Anny-Przybylskiej.png\" alt=\"Kubicki Grzegorz, Drzewicki Maciej - Ania. Biografia Anny Przybylskiej, ebook, ksi\u0105\u017cka, pozycja, pere\u0142ka roku, bestseller, PocketBook HD2\" width=\"352\" height=\"352\" srcset=\"https:\/\/czytio.pl\/blog\/wp-content\/uploads\/2018\/01\/Kubicki-Grzegorz-Drzewicki-Maciej-Ania.-Biografia-Anny-Przybylskiej.png 800w, https:\/\/czytio.pl\/blog\/wp-content\/uploads\/2018\/01\/Kubicki-Grzegorz-Drzewicki-Maciej-Ania.-Biografia-Anny-Przybylskiej-150x150.png 150w, https:\/\/czytio.pl\/blog\/wp-content\/uploads\/2018\/01\/Kubicki-Grzegorz-Drzewicki-Maciej-Ania.-Biografia-Anny-Przybylskiej-300x300.png 300w, https:\/\/czytio.pl\/blog\/wp-content\/uploads\/2018\/01\/Kubicki-Grzegorz-Drzewicki-Maciej-Ania.-Biografia-Anny-Przybylskiej-768x768.png 768w, https:\/\/czytio.pl\/blog\/wp-content\/uploads\/2018\/01\/Kubicki-Grzegorz-Drzewicki-Maciej-Ania.-Biografia-Anny-Przybylskiej-624x624.png 624w\" sizes=\"auto, (max-width: 352px) 100vw, 352px\" \/><\/p>\n<p><strong>10. Hanks Tom- Kolekcja nietypowych zdarze\u0144<\/strong><\/p>\n<p>Debiut literacki wybitnego i uwielbianego aktora to arcyciekawy zbi\u00f3r opowiada\u0144 &#8211; eleganckich, poruszaj\u0105cych, zabawnych, niekiedy figlarnych, czasami melancholijnych i zawsze zaskakuj\u0105cych.<\/p>\n<p><img loading=\"lazy\" decoding=\"async\" class=\"alignnone wp-image-6433\" src=\"https:\/\/czytio.pl\/blog\/wp-content\/uploads\/2018\/01\/Hanks-Tom-Kolekcja-nietypowych-zdarze\u0144.png\" alt=\"Hanks Tom- Kolekcja nietypowych zdarze\u0144, ebook, ksi\u0105\u017cka, pozycja, pere\u0142ka roku, bestseller, PocketBook HD2\" width=\"352\" height=\"352\" srcset=\"https:\/\/czytio.pl\/blog\/wp-content\/uploads\/2018\/01\/Hanks-Tom-Kolekcja-nietypowych-zdarze\u0144.png 800w, https:\/\/czytio.pl\/blog\/wp-content\/uploads\/2018\/01\/Hanks-Tom-Kolekcja-nietypowych-zdarze\u0144-150x150.png 150w, https:\/\/czytio.pl\/blog\/wp-content\/uploads\/2018\/01\/Hanks-Tom-Kolekcja-nietypowych-zdarze\u0144-300x300.png 300w, https:\/\/czytio.pl\/blog\/wp-content\/uploads\/2018\/01\/Hanks-Tom-Kolekcja-nietypowych-zdarze\u0144-768x768.png 768w, https:\/\/czytio.pl\/blog\/wp-content\/uploads\/2018\/01\/Hanks-Tom-Kolekcja-nietypowych-zdarze\u0144-624x624.png 624w\" sizes=\"auto, (max-width: 352px) 100vw, 352px\" \/><\/p>\n<p><strong>11.\u015awist Paulina- Prokurator<\/strong><\/p>\n<p>Gor\u0105cy romans, a w tle rozprawa s\u0105dowa. Czy to dobry pomys\u0142, aby kontynuowa\u0107 t\u0105 znajomo\u015b\u0107 i uczucie, kt\u00f3re si\u0119 zrodzi\u0142o? Ksi\u0105\u017ck\u0105 rozbudza wyobra\u017ani\u0119 i trzyma w napi\u0119ciu do ostatniego s\u0142owa na ostatniej stronie powie\u015bci.<\/p>\n<p><img loading=\"lazy\" decoding=\"async\" class=\"alignnone wp-image-6434\" src=\"https:\/\/czytio.pl\/blog\/wp-content\/uploads\/2018\/01\/\u015awist-Paulina-Prokurator.png\" alt=\".\u015awist Paulina- Prokurator, ebook, ksi\u0105\u017cka, pozycja, pere\u0142ka roku, bestseller, PocketBook HD2.\" width=\"352\" height=\"352\" srcset=\"https:\/\/czytio.pl\/blog\/wp-content\/uploads\/2018\/01\/\u015awist-Paulina-Prokurator.png 800w, https:\/\/czytio.pl\/blog\/wp-content\/uploads\/2018\/01\/\u015awist-Paulina-Prokurator-150x150.png 150w, https:\/\/czytio.pl\/blog\/wp-content\/uploads\/2018\/01\/\u015awist-Paulina-Prokurator-300x300.png 300w, https:\/\/czytio.pl\/blog\/wp-content\/uploads\/2018\/01\/\u015awist-Paulina-Prokurator-768x768.png 768w, https:\/\/czytio.pl\/blog\/wp-content\/uploads\/2018\/01\/\u015awist-Paulina-Prokurator-624x624.png 624w\" sizes=\"auto, (max-width: 352px) 100vw, 352px\" \/><\/p>\n<p><strong>12.\u00a0Musso Guillaume- Dziewczyna z Brooklynu<\/strong><\/p>\n<p>Mistrz suspensu, czyli Guillaume Musso przedstawia swoj\u0105 kolejn\u0105 pozycj\u0119, kt\u00f3ra sta\u0142a si\u0119 bestsellerem! Lekka obyczajowa pozycja, kt\u00f3ra zaskoczy niejednego.<\/p>\n<p><img loading=\"lazy\" decoding=\"async\" class=\"alignnone wp-image-6435\" src=\"https:\/\/czytio.pl\/blog\/wp-content\/uploads\/2018\/01\/Musso-Guillaume-Dziewczyna-z-Brooklynu.png\" alt=\"Musso Guillaume- Dziewczyna z Brooklynu\" width=\"352\" height=\"352\" srcset=\"https:\/\/czytio.pl\/blog\/wp-content\/uploads\/2018\/01\/Musso-Guillaume-Dziewczyna-z-Brooklynu.png 800w, https:\/\/czytio.pl\/blog\/wp-content\/uploads\/2018\/01\/Musso-Guillaume-Dziewczyna-z-Brooklynu-150x150.png 150w, https:\/\/czytio.pl\/blog\/wp-content\/uploads\/2018\/01\/Musso-Guillaume-Dziewczyna-z-Brooklynu-300x300.png 300w, https:\/\/czytio.pl\/blog\/wp-content\/uploads\/2018\/01\/Musso-Guillaume-Dziewczyna-z-Brooklynu-768x768.png 768w, https:\/\/czytio.pl\/blog\/wp-content\/uploads\/2018\/01\/Musso-Guillaume-Dziewczyna-z-Brooklynu-624x624.png 624w\" sizes=\"auto, (max-width: 352px) 100vw, 352px\" \/><\/p>\n<p><strong>13. Cameron Bruce W.- By\u0142 sobie pies<\/strong><\/p>\n<p>Poruszaj\u0105ca opowie\u015b\u0107 o zaufaniu i mi\u0142o\u015bci z merdaj\u0105cym ogonem w tle. Ksi\u0105\u017cka, kt\u00f3ra przez rok by\u0142a na li\u015bcie bestseller\u00f3w The New York Times. Wszystkie psy id\u0105 do nieba&#8230; chyba \u017ce maj\u0105 niedoko\u0144czone sprawy na ziemi.<\/p>\n<p><img loading=\"lazy\" decoding=\"async\" class=\"alignnone wp-image-6436\" src=\"https:\/\/czytio.pl\/blog\/wp-content\/uploads\/2018\/01\/Cameron-Bruce-W.-By\u0142-sobie-pies.png\" alt=\"Cameron Bruce W.- By\u0142 sobie pies, ebook, ksi\u0105\u017cka, pozycja, pere\u0142ka roku, bestseller, PocketBook Cybook Muse HD.\" width=\"352\" height=\"352\" srcset=\"https:\/\/czytio.pl\/blog\/wp-content\/uploads\/2018\/01\/Cameron-Bruce-W.-By\u0142-sobie-pies.png 800w, https:\/\/czytio.pl\/blog\/wp-content\/uploads\/2018\/01\/Cameron-Bruce-W.-By\u0142-sobie-pies-150x150.png 150w, https:\/\/czytio.pl\/blog\/wp-content\/uploads\/2018\/01\/Cameron-Bruce-W.-By\u0142-sobie-pies-300x300.png 300w, https:\/\/czytio.pl\/blog\/wp-content\/uploads\/2018\/01\/Cameron-Bruce-W.-By\u0142-sobie-pies-768x768.png 768w, https:\/\/czytio.pl\/blog\/wp-content\/uploads\/2018\/01\/Cameron-Bruce-W.-By\u0142-sobie-pies-624x624.png 624w\" sizes=\"auto, (max-width: 352px) 100vw, 352px\" \/><\/p>\n<p><strong>14. Mi\u0142oszewski Zygmunt- Jak zawsze<\/strong><\/p>\n<p>Komedia ironiczno-romantyczna o parze, kt\u00f3ra dosta\u0142a szans\u0119 prze\u017cycia jeszcze raz swojej mi\u0142o\u015bci. I o narodzie, kt\u00f3ry dosta\u0142 szans\u0119 prze\u017cycia jeszcze raz swojej historii. I o tym, co z tego wynik\u0142o.<\/p>\n<p><img loading=\"lazy\" decoding=\"async\" class=\"alignnone wp-image-6437\" src=\"https:\/\/czytio.pl\/blog\/wp-content\/uploads\/2018\/01\/Mi\u0142oszewski-Zygmunt-Jak-zawsze.png\" alt=\"Mi\u0142oszewski Zygmunt- Jak zawszeebook, ksi\u0105\u017cka, pozycja, pere\u0142ka roku, bestseller, PocketBook Touch HD.\" width=\"352\" height=\"352\" srcset=\"https:\/\/czytio.pl\/blog\/wp-content\/uploads\/2018\/01\/Mi\u0142oszewski-Zygmunt-Jak-zawsze.png 800w, https:\/\/czytio.pl\/blog\/wp-content\/uploads\/2018\/01\/Mi\u0142oszewski-Zygmunt-Jak-zawsze-150x150.png 150w, https:\/\/czytio.pl\/blog\/wp-content\/uploads\/2018\/01\/Mi\u0142oszewski-Zygmunt-Jak-zawsze-300x300.png 300w, https:\/\/czytio.pl\/blog\/wp-content\/uploads\/2018\/01\/Mi\u0142oszewski-Zygmunt-Jak-zawsze-768x768.png 768w, https:\/\/czytio.pl\/blog\/wp-content\/uploads\/2018\/01\/Mi\u0142oszewski-Zygmunt-Jak-zawsze-624x624.png 624w\" sizes=\"auto, (max-width: 352px) 100vw, 352px\" \/><\/p>\n<p><strong>15.Bonda Katarzyna- Cztery \u017bywio\u0142y. Tom 3. Lampiony.<\/strong><\/p>\n<p>Trzecia z serii czterech ksi\u0105\u017cek o utalentowanej profilerce Saszy Za\u0142uskiej. Kolejne portrety psychologiczne zbrodniarzy krok po kroku prowadz\u0105 j\u0105 do odkrycia mrocznej tajemnicy z w\u0142asnej przesz\u0142o\u015bci.<\/p>\n<p><img loading=\"lazy\" decoding=\"async\" class=\"alignnone wp-image-6438\" src=\"https:\/\/czytio.pl\/blog\/wp-content\/uploads\/2018\/01\/Bonda-Katarzyna-Cztery-\u017bywio\u0142y.-Tom-3.-Lampiony..png\" alt=\"Bonda Katarzyna- Cztery \u017bywio\u0142y. Tom 3. Lampiony. ebook, ksi\u0105\u017cka, pozycja, pere\u0142ka roku, bestseller, PocketBook Basic Lux \" width=\"352\" height=\"352\" srcset=\"https:\/\/czytio.pl\/blog\/wp-content\/uploads\/2018\/01\/Bonda-Katarzyna-Cztery-\u017bywio\u0142y.-Tom-3.-Lampiony..png 800w, https:\/\/czytio.pl\/blog\/wp-content\/uploads\/2018\/01\/Bonda-Katarzyna-Cztery-\u017bywio\u0142y.-Tom-3.-Lampiony.-150x150.png 150w, https:\/\/czytio.pl\/blog\/wp-content\/uploads\/2018\/01\/Bonda-Katarzyna-Cztery-\u017bywio\u0142y.-Tom-3.-Lampiony.-300x300.png 300w, https:\/\/czytio.pl\/blog\/wp-content\/uploads\/2018\/01\/Bonda-Katarzyna-Cztery-\u017bywio\u0142y.-Tom-3.-Lampiony.-768x768.png 768w, https:\/\/czytio.pl\/blog\/wp-content\/uploads\/2018\/01\/Bonda-Katarzyna-Cztery-\u017bywio\u0142y.-Tom-3.-Lampiony.-624x624.png 624w\" sizes=\"auto, (max-width: 352px) 100vw, 352px\" \/><\/p>\n<p>Lista powy\u017cej przedstawionych ebook\u00f3w to wed\u0142ug nas najlepsze pozycje 2017 roku. Je\u015bli, kt\u00f3ra\u015b z pozycji uciek\u0142a waszej uwadze, gor\u0105co zach\u0119camy do ich przeczytania! S\u0105 naprawd\u0119 tego warte!<\/p>\n<p>Przeczytaj r\u00f3wnie\u017c:<\/p>\n<blockquote class=\"wp-embedded-content\" data-secret=\"IdmNhN2cah\"><p><a href=\"https:\/\/czytio.pl\/blog\/czytniki-klasy-premium-czyli-ebook-readery-powyzej-600zl\/\">Czytniki klasy premium, czyli ebook readery powy\u017cej 600z\u0142<\/a><\/p><\/blockquote>\n<p><iframe loading=\"lazy\" class=\"wp-embedded-content\" sandbox=\"allow-scripts\" security=\"restricted\" style=\"position: absolute; clip: rect(1px, 1px, 1px, 1px);\" title=\"&#8222;Czytniki klasy premium, czyli ebook readery powy\u017cej 600z\u0142&#8221; &#8212; Blog na temat czytnik\u00f3w ebook\u00f3w\" src=\"https:\/\/czytio.pl\/blog\/czytniki-klasy-premium-czyli-ebook-readery-powyzej-600zl\/embed\/#?secret=rmiZwsPQV9#?secret=IdmNhN2cah\" data-secret=\"IdmNhN2cah\" width=\"600\" height=\"338\" frameborder=\"0\" marginwidth=\"0\" marginheight=\"0\" scrolling=\"no\"><\/iframe><\/p>\n","protected":false},"excerpt":{"rendered":"<p>Nowy rok, nowe postanowienia. Czas weryfikacji list powsta\u0142ych w my\u015bl postanowie\u0144 noworocznych oraz tworzenie nowych. Polskimi autorami, o kt\u00f3rych by\u0142o najg\u0142o\u015bniej w ubieg\u0142ym roku to Katarzyna Bonda, Remigiusz Mr\u00f3z czy Piotr C. za\u015b najch\u0119tniej czytanymi powie\u015bciami by\u0142y krymina\u0142y, powie\u015bci obyczajowe oraz oparte na emocjach. Teraz tytu\u0142owe ebooki: 1.Brown Dan- Pocz\u0105tek Robert Langdon, profesor Uniwersytetu Harvarda [&hellip;]<\/p>\n","protected":false},"author":2,"featured_media":6446,"comment_status":"open","ping_status":"closed","sticky":false,"template":"","format":"standard","meta":{"footnotes":""},"categories":[11,1],"tags":[676,682,15,677,680,679,675,681,678],"class_list":["post-6421","post","type-post","status-publish","format-standard","has-post-thumbnail","hentry","category-aktualnosci","category-porownania","tag-676","tag-bestsellery-ksiazkowe-2017","tag-ebook","tag-katarzyna-bonda","tag-kryminaly","tag-piotr-c","tag-powiesc","tag-powiesci-obyczajowe","tag-remigiusz-mroz"],"aioseo_notices":[],"views":4803,"_links":{"self":[{"href":"https:\/\/czytio.pl\/blog\/wp-json\/wp\/v2\/posts\/6421","targetHints":{"allow":["GET"]}}],"collection":[{"href":"https:\/\/czytio.pl\/blog\/wp-json\/wp\/v2\/posts"}],"about":[{"href":"https:\/\/czytio.pl\/blog\/wp-json\/wp\/v2\/types\/post"}],"author":[{"embeddable":true,"href":"https:\/\/czytio.pl\/blog\/wp-json\/wp\/v2\/users\/2"}],"replies":[{"embeddable":true,"href":"https:\/\/czytio.pl\/blog\/wp-json\/wp\/v2\/comments?post=6421"}],"version-history":[{"count":6,"href":"https:\/\/czytio.pl\/blog\/wp-json\/wp\/v2\/posts\/6421\/revisions"}],"predecessor-version":[{"id":11483,"href":"https:\/\/czytio.pl\/blog\/wp-json\/wp\/v2\/posts\/6421\/revisions\/11483"}],"wp:featuredmedia":[{"embeddable":true,"href":"https:\/\/czytio.pl\/blog\/wp-json\/wp\/v2\/media\/6446"}],"wp:attachment":[{"href":"https:\/\/czytio.pl\/blog\/wp-json\/wp\/v2\/media?parent=6421"}],"wp:term":[{"taxonomy":"category","embeddable":true,"href":"https:\/\/czytio.pl\/blog\/wp-json\/wp\/v2\/categories?post=6421"},{"taxonomy":"post_tag","embeddable":true,"href":"https:\/\/czytio.pl\/blog\/wp-json\/wp\/v2\/tags?post=6421"}],"curies":[{"name":"wp","href":"https:\/\/api.w.org\/{rel}","templated":true}]}}