{"id":6075,"date":"2017-09-01T08:42:26","date_gmt":"2017-09-01T08:42:26","guid":{"rendered":"http:\/\/czytio.pl\/blog\/?p=6075"},"modified":"2017-09-01T08:42:26","modified_gmt":"2017-09-01T08:42:26","slug":"narodowe-czytanie-w-calej-polsce-juz-jutro","status":"publish","type":"post","link":"https:\/\/czytio.pl\/blog\/narodowe-czytanie-w-calej-polsce-juz-jutro\/","title":{"rendered":"Narodowe Czytanie w ca\u0142ej Polsce ju\u017c jutro!"},"content":{"rendered":"<h2>Narodowe Czytanie to polska akcja spo\u0142eczna, kt\u00f3ra ma na celu propagowanie znajomo\u015bci literatury narodowej.\u00a0 Co rok pocz\u0105wszy od 2012, wybierane jest jedno dzie\u0142o z klasyki pisarstwa, a nast\u0119pnie jego obszerny fragment zostaje odczytany publicznie.<\/h2>\n<p><img loading=\"lazy\" decoding=\"async\" class=\"size-full wp-image-6076 alignnone\" src=\"https:\/\/czytio.pl\/blog\/wp-content\/uploads\/2017\/09\/narodoweczytanie800.jpg\" alt=\"Narodowe czytanie, ksi\u0105\u017cki, Andrzej Duda, prezydent\" width=\"800\" height=\"303\" srcset=\"https:\/\/czytio.pl\/blog\/wp-content\/uploads\/2017\/09\/narodoweczytanie800.jpg 800w, https:\/\/czytio.pl\/blog\/wp-content\/uploads\/2017\/09\/narodoweczytanie800-300x114.jpg 300w, https:\/\/czytio.pl\/blog\/wp-content\/uploads\/2017\/09\/narodoweczytanie800-768x291.jpg 768w, https:\/\/czytio.pl\/blog\/wp-content\/uploads\/2017\/09\/narodoweczytanie800-624x236.jpg 624w\" sizes=\"auto, (max-width: 800px) 100vw, 800px\" \/><\/p>\n<h3>Kr\u00f3tka historia inicjatywy &#8222;Narodowe Czytanie&#8221;<\/h3>\n<p>Pierwsz\u0105 akcj\u0119 czytelnicz\u0105 zorganizowa\u0142 Prezent Polski Bronis\u0142aw Komorowski, za\u015b pomys\u0142odawc\u0105 by\u0142a Agnieszka Celeda, dyrektor Biura Kultura. W\u00f3wczas z okazji 200 rocznicy\u00a0Drugiej Wojny Polskiej\u00a0i najazdu\u00a0Napoleona\u00a0na Rosj\u0119, odczytano fragment Pana Tadeusza \u00a0Adama Mickiewicza. Publiczne czytanie odby\u0142o si\u0119 8 wrze\u015bnia 2012 w dziesi\u0105tkach miejscowo\u015bci z udzia\u0142em rzesz s\u0142uchaczy. Warszawskie oficjalne czytanie epopei narodowej mia\u0142o miejsce w\u00a0Parku Saskim.<\/p>\n<p>W czasie kolejnych edycji akcji\u00a0<em>Narodowe Czytanie<\/em>\u00a0odczytywane by\u0142y nast\u0119puj\u0105ce dzie\u0142a polskich literat\u00f3w:<\/p>\n<ul>\n<li><strong>7 wrze\u015bnia 2013<\/strong>&#8211; Dzie\u0142a Aleksandra Fredry. W inicjatywie wzi\u0119\u0142o udzia\u0142 ponad 700 miejscowo\u015bci.<\/li>\n<li><strong>6 wrze\u015bnia 2014<\/strong>&#8211; Trylogia Henryka Sienkiewicza. Akcja ponownie spotka\u0142a si\u0119 z olbrzymim zainteresowaniem Polak\u00f3w \u2013 wydarzenie odby\u0142o si\u0119 w ponad 1500 miejscowo\u015bciach.<\/li>\n<li><strong>5 wrze\u015bnia 2015<\/strong>&#8211; Lalka Boles\u0142awa Prusa. W akcji uczestniczy\u0142o ponad 1600 miejscowo\u015bci.<\/li>\n<li><strong>3 wrze\u015bnia 2016<\/strong>&#8211; Quo vadis Henryka Sienkiewicza. W zwi\u0105zku z bardzo du\u017cym zainteresowaniem przeprowadzono transmisj\u0119 internetow\u0105.<\/li>\n<\/ul>\n<p><img loading=\"lazy\" decoding=\"async\" class=\"size-large wp-image-6077 aligncenter\" src=\"https:\/\/czytio.pl\/blog\/wp-content\/uploads\/2017\/09\/baner_poziomy_wyspianski-960x494.jpg\" alt=\"Wesele, Stanis\u0142aw Wyspia\u0144ski, Narodowe Czytanie, Prezydent Polski, Andrzej Duda, 2 wrze\u015bnia\" width=\"670\" height=\"345\" srcset=\"https:\/\/czytio.pl\/blog\/wp-content\/uploads\/2017\/09\/baner_poziomy_wyspianski-960x494.jpg 960w, https:\/\/czytio.pl\/blog\/wp-content\/uploads\/2017\/09\/baner_poziomy_wyspianski-300x154.jpg 300w, https:\/\/czytio.pl\/blog\/wp-content\/uploads\/2017\/09\/baner_poziomy_wyspianski-768x395.jpg 768w, https:\/\/czytio.pl\/blog\/wp-content\/uploads\/2017\/09\/baner_poziomy_wyspianski-624x321.jpg 624w\" sizes=\"auto, (max-width: 670px) 100vw, 670px\" \/><\/p>\n<h3><strong>Narodowe czytanie ju\u017c jutro, czyli 2 wrze\u015bnia!<\/strong><\/h3>\n<p>Przed nami kolejna ju\u017c sz\u00f3sta edycja akcji Narodowe Czytanie. Po raz kolejny dzie\u0142o zosta\u0142o wybrane w ramach publicznego g\u0142osowania. Z licznych propozycji, jakie zosta\u0142y przedstawione, wygra\u0142o (liczb\u0105 g\u0142os\u00f3w prawie 18 tys.) Wesele Stanis\u0142awa Wyspia\u0144skiego. Oficjalne odczytanie fragment\u00f3w dzie\u0142a odb\u0119dzie si\u0119 jak co roku, w warszawskim Ogrodzie Saskim z udzia\u0142em Pary Prezydenckiej oraz plejady gwiazd.<\/p>\n<p><iframe loading=\"lazy\" width=\"670\" height=\"377\" src=\"https:\/\/www.youtube.com\/embed\/IIynxqs6PWI?feature=oembed\" frameborder=\"0\" allowfullscreen><\/iframe><\/p>\n<h3><strong>Czytniki e-book\u00f3w w d\u0142o\u0144!<\/strong><\/h3>\n<p>Ka\u017cda inicjatywa czytania ma u nas poparcie. Dzie\u0142a z literatury klasyki w formie e-book\u00f3w mo\u017cna pobiera\u0107 z bazy wolnych lektur i zgrywa\u0107 na czytniki. Zupe\u0142nie za darmo i 100%\u00a0 legalnie.<\/p>\n<p><strong>Zatem czytniki w d\u0142o\u0144 i wspieramy inicjatyw\u0119 :)!<\/strong><\/p>\n","protected":false},"excerpt":{"rendered":"<p>Narodowe Czytanie to polska akcja spo\u0142eczna, kt\u00f3ra ma na celu propagowanie znajomo\u015bci literatury narodowej.\u00a0 Co rok pocz\u0105wszy od 2012, wybierane jest jedno dzie\u0142o z klasyki pisarstwa, a nast\u0119pnie jego obszerny fragment zostaje odczytany publicznie. Kr\u00f3tka historia inicjatywy &#8222;Narodowe Czytanie&#8221; Pierwsz\u0105 akcj\u0119 czytelnicz\u0105 zorganizowa\u0142 Prezent Polski Bronis\u0142aw Komorowski, za\u015b pomys\u0142odawc\u0105 by\u0142a Agnieszka Celeda, dyrektor Biura Kultura. [&hellip;]<\/p>\n","protected":false},"author":2,"featured_media":6077,"comment_status":"open","ping_status":"closed","sticky":false,"template":"","format":"standard","meta":{"footnotes":""},"categories":[11],"tags":[16,15,609,611,610],"class_list":["post-6075","post","type-post","status-publish","format-standard","has-post-thumbnail","hentry","category-aktualnosci","tag-czytnik","tag-ebook","tag-narodowe-czytanie","tag-stanislaw-wyspianski","tag-wesele"],"aioseo_notices":[],"views":2706,"_links":{"self":[{"href":"https:\/\/czytio.pl\/blog\/wp-json\/wp\/v2\/posts\/6075","targetHints":{"allow":["GET"]}}],"collection":[{"href":"https:\/\/czytio.pl\/blog\/wp-json\/wp\/v2\/posts"}],"about":[{"href":"https:\/\/czytio.pl\/blog\/wp-json\/wp\/v2\/types\/post"}],"author":[{"embeddable":true,"href":"https:\/\/czytio.pl\/blog\/wp-json\/wp\/v2\/users\/2"}],"replies":[{"embeddable":true,"href":"https:\/\/czytio.pl\/blog\/wp-json\/wp\/v2\/comments?post=6075"}],"version-history":[{"count":3,"href":"https:\/\/czytio.pl\/blog\/wp-json\/wp\/v2\/posts\/6075\/revisions"}],"predecessor-version":[{"id":6080,"href":"https:\/\/czytio.pl\/blog\/wp-json\/wp\/v2\/posts\/6075\/revisions\/6080"}],"wp:featuredmedia":[{"embeddable":true,"href":"https:\/\/czytio.pl\/blog\/wp-json\/wp\/v2\/media\/6077"}],"wp:attachment":[{"href":"https:\/\/czytio.pl\/blog\/wp-json\/wp\/v2\/media?parent=6075"}],"wp:term":[{"taxonomy":"category","embeddable":true,"href":"https:\/\/czytio.pl\/blog\/wp-json\/wp\/v2\/categories?post=6075"},{"taxonomy":"post_tag","embeddable":true,"href":"https:\/\/czytio.pl\/blog\/wp-json\/wp\/v2\/tags?post=6075"}],"curies":[{"name":"wp","href":"https:\/\/api.w.org\/{rel}","templated":true}]}}