{"id":3612,"date":"2014-05-16T16:12:29","date_gmt":"2014-05-16T16:12:29","guid":{"rendered":"http:\/\/www.blog.czytio.pl\/?p=3612"},"modified":"2014-05-16T16:12:29","modified_gmt":"2014-05-16T16:12:29","slug":"czytnik-kobo-mini-wycofany-ze-sprzedazy","status":"publish","type":"post","link":"https:\/\/czytio.pl\/blog\/czytnik-kobo-mini-wycofany-ze-sprzedazy\/","title":{"rendered":"Czytnik Kobo Mini wycofany ze sprzeda\u017cy?"},"content":{"rendered":"<p style=\"text-align: justify;\"><b>Wszystko wskazuje na to, \u017ce produkcja Kobo Mini \u2013 jednego z nielicznych czytnik\u00f3w z 5-calowym ekranem, nie b\u0119dzie kontynuowana. Czy pojawi si\u0119 nast\u0119pca w formie 5-calowego, pod\u015bwietlanego czytnika?<\/b><\/p>\n<p style=\"text-align: center;\"><a href=\"http:\/\/www.blog.czytio.pl\/wp-content\/uploads\/2014\/05\/kobo-mini.jpg\"><img loading=\"lazy\" decoding=\"async\" class=\"aligncenter size-full wp-image-3614\" alt=\"kobo mini wycofany z rynku\" src=\"http:\/\/www.blog.czytio.pl\/wp-content\/uploads\/2014\/05\/kobo-mini.jpg\" width=\"540\" height=\"266\" srcset=\"https:\/\/czytio.pl\/blog\/wp-content\/uploads\/2014\/05\/kobo-mini.jpg 540w, https:\/\/czytio.pl\/blog\/wp-content\/uploads\/2014\/05\/kobo-mini-300x147.jpg 300w\" sizes=\"auto, (max-width: 540px) 100vw, 540px\" \/><\/a><\/p>\n<p style=\"text-align: justify;\">O ile nie zdziwi\u0142y nas wiadomo\u015bci o kolejnym wycofaniu <a title=\"Kindle DX\" href=\"Has the Kindle DX Been Discontinued . . . Again? | The eBook Reader Blog\" target=\"_blank\">Kindle DX<\/a> ze sprzeda\u017cy, zaciekawi\u0142y nas informacje o prawdopodobnym znikni\u0119ciu Kobo Mini. Czytnik jest kompletnym przeciwie\u0144stwem du\u017cego Kindle DX, posiada miniaturowy 5-calowy ekran. Obecnie jedynym konkurentem Kobo Mini jest <a title=\"PocketBook 515 Mini\" href=\"https:\/\/czytio.pl\/product\/118\/czytnik-ebook\/Pocketbook-515-Mini.html\" target=\"_blank\">PocketBook 515 Mini<\/a>.<\/p>\n<p style=\"text-align: justify;\">Wyj\u015bciow\u0105 cen\u0105 miniaturowego czytnika Kobo by\u0142o 79 dolar\u00f3w (oko\u0142o 240 z\u0142), dodatkowo cz\u0119sto mo\u017cna by\u0142o za\u0142apa\u0107 si\u0119 na promocje. Nast\u0119pnie w listopadzie 2013 roku cena drastycznie spad\u0142a do 59$ (oko\u0142o 180 z\u0142), co by\u0142o pierwszym znakiem wycofywania czytnika ze sprzeda\u017cy.<\/p>\n<p style=\"text-align: justify;\">Aktualnie wszystko wskazuje na to, \u017ce nie b\u0119dzie kontynuowana sprzeda\u017c tego modelu. Od d\u0142u\u017cszego czasu miniaturowy czytnik jest niedost\u0119pny u dystrybutor\u00f3w Kobo. W niekt\u00f3rych ze sklep\u00f3w po przej\u015bciu do strony produktu \u00a0nic si\u0119 nie pojawia, w innych ca\u0142kiem wycofano Kobo Mini z asortymentu b\u0105d\u017a widnieje adnotacja \u201eprodukt wyprzedany\/chwilowo niedost\u0119pny\u201d.<\/p>\n<p style=\"text-align: justify;\">Jednym z kolejnych dowod\u00f3w na brak kontynuacji sprzeda\u017cy Kobo Mini jest reklama czytnik\u00f3w Kobo jednego ze sprzedawc\u00f3w. Na banerze widniej\u0105 wszystkie modele Kobo, wliczaj\u0105c Kobo Touch, z wyj\u0105tkiem najmniejszego czytnika Kobo.<\/p>\n<p style=\"text-align: center;\"><a href=\"http:\/\/www.blog.czytio.pl\/wp-content\/uploads\/2014\/05\/kobo-family-picture.jpg\"><img loading=\"lazy\" decoding=\"async\" class=\"aligncenter size-full wp-image-3613\" alt=\"kobo mini wycofany z rynku\" src=\"http:\/\/www.blog.czytio.pl\/wp-content\/uploads\/2014\/05\/kobo-family-picture.jpg\" width=\"540\" height=\"184\" srcset=\"https:\/\/czytio.pl\/blog\/wp-content\/uploads\/2014\/05\/kobo-family-picture.jpg 540w, https:\/\/czytio.pl\/blog\/wp-content\/uploads\/2014\/05\/kobo-family-picture-300x102.jpg 300w\" sizes=\"auto, (max-width: 540px) 100vw, 540px\" \/><\/a><\/p>\n<p style=\"text-align: justify;\">W Polsce Kobo Mini nie zdoby\u0142 du\u017cej popularno\u015bci by\u0107 mo\u017ce jest to zwi\u0105zane z brakiem oficjalnej dystrybucji czytnik\u00f3w Kobo w naszym kraju. Jednak spotkali\u015bmy si\u0119 z wieloma pozytywnymi recenzjami tego czytnika, dlatego zdziwi\u0142a nas wiadomo\u015b\u0107 wycofaniu Kobo Mini.<\/p>\n<p style=\"text-align: justify;\">Z drugiej strony na samej stronie producenta przy Kobo Mini widnieje napis \u201ecoming soon\u201d by\u0107 mo\u017ce producenci szykuj\u0105 niespodziank\u0119, kt\u00f3r\u0105 b\u0119dzie pod\u015bwietlany, 5-calowy czytnik e-book\u00f3w?<\/p>\n<p style=\"text-align: justify;\">\n<p style=\"text-align: justify;\"><em>\u0179r\u00f3d\u0142o informacji oraz zdj\u0119\u0107:\u00a0blog.the-ebook-reader.com<\/em><\/p>\n","protected":false},"excerpt":{"rendered":"<p>Wszystko wskazuje na to, \u017ce produkcja Kobo Mini \u2013 jednego z nielicznych czytnik\u00f3w z 5-calowym ekranem, nie b\u0119dzie kontynuowana. Czy pojawi si\u0119 nast\u0119pca w formie 5-calowego, pod\u015bwietlanego czytnika? O ile nie zdziwi\u0142y nas wiadomo\u015bci o kolejnym wycofaniu Kindle DX ze sprzeda\u017cy, zaciekawi\u0142y nas informacje o prawdopodobnym znikni\u0119ciu Kobo Mini. Czytnik jest kompletnym przeciwie\u0144stwem du\u017cego Kindle [&hellip;]<\/p>\n","protected":false},"author":1,"featured_media":3616,"comment_status":"open","ping_status":"closed","sticky":false,"template":"","format":"standard","meta":{"footnotes":""},"categories":[11],"tags":[],"class_list":["post-3612","post","type-post","status-publish","format-standard","has-post-thumbnail","hentry","category-aktualnosci"],"aioseo_notices":[],"views":4776,"_links":{"self":[{"href":"https:\/\/czytio.pl\/blog\/wp-json\/wp\/v2\/posts\/3612","targetHints":{"allow":["GET"]}}],"collection":[{"href":"https:\/\/czytio.pl\/blog\/wp-json\/wp\/v2\/posts"}],"about":[{"href":"https:\/\/czytio.pl\/blog\/wp-json\/wp\/v2\/types\/post"}],"author":[{"embeddable":true,"href":"https:\/\/czytio.pl\/blog\/wp-json\/wp\/v2\/users\/1"}],"replies":[{"embeddable":true,"href":"https:\/\/czytio.pl\/blog\/wp-json\/wp\/v2\/comments?post=3612"}],"version-history":[{"count":3,"href":"https:\/\/czytio.pl\/blog\/wp-json\/wp\/v2\/posts\/3612\/revisions"}],"predecessor-version":[{"id":3618,"href":"https:\/\/czytio.pl\/blog\/wp-json\/wp\/v2\/posts\/3612\/revisions\/3618"}],"wp:featuredmedia":[{"embeddable":true,"href":"https:\/\/czytio.pl\/blog\/wp-json\/wp\/v2\/media\/3616"}],"wp:attachment":[{"href":"https:\/\/czytio.pl\/blog\/wp-json\/wp\/v2\/media?parent=3612"}],"wp:term":[{"taxonomy":"category","embeddable":true,"href":"https:\/\/czytio.pl\/blog\/wp-json\/wp\/v2\/categories?post=3612"},{"taxonomy":"post_tag","embeddable":true,"href":"https:\/\/czytio.pl\/blog\/wp-json\/wp\/v2\/tags?post=3612"}],"curies":[{"name":"wp","href":"https:\/\/api.w.org\/{rel}","templated":true}]}}