{"id":2452,"date":"2013-09-03T09:26:42","date_gmt":"2013-09-03T09:26:42","guid":{"rendered":"http:\/\/www.blog.czytio.pl\/?p=2452"},"modified":"2013-11-27T15:18:51","modified_gmt":"2013-11-27T15:18:51","slug":"pocketbook-color-lux-pierwsze-wrazenia","status":"publish","type":"post","link":"https:\/\/czytio.pl\/blog\/pocketbook-color-lux-pierwsze-wrazenia\/","title":{"rendered":"PocketBook Color Lux- pierwsze wra\u017cenia"},"content":{"rendered":"<p style=\"text-align: justify;\">Kilka dni temu dotar\u0142 do nas d\u0142ugo oczekiwany pierwszy na \u015bwiecie 8-calowy, kolorowy czytnik E-Ink z pod\u015bwietleniem: PocketBook Color Lux.<\/p>\n<p style=\"text-align: center;\">\n<p style=\"text-align: center;\"><a href=\"http:\/\/www.blog.czytio.pl\/wp-content\/uploads\/2013\/09\/komiks..jpg\"><img loading=\"lazy\" decoding=\"async\" class=\"aligncenter size-full wp-image-2470\" title=\"komiks.\" src=\"http:\/\/www.blog.czytio.pl\/wp-content\/uploads\/2013\/09\/komiks..jpg\" alt=\"\" width=\"500\" height=\"420\" srcset=\"https:\/\/czytio.pl\/blog\/wp-content\/uploads\/2013\/09\/komiks..jpg 500w, https:\/\/czytio.pl\/blog\/wp-content\/uploads\/2013\/09\/komiks.-300x252.jpg 300w\" sizes=\"auto, (max-width: 500px) 100vw, 500px\" \/><\/a><\/p>\n<h2 style=\"text-align: justify;\"><strong>Pierwsze wra\u017cenia<\/strong><\/h2>\n<p style=\"text-align: justify;\">Ku naszemu zdziwieniu, po otworzeniu pude\u0142ka opr\u00f3cz czytnika ujrzeli\u015bmy r\u00f3wnie\u017c \u0142adowark\u0119 sieciow\u0105. Mi\u0142a odmiana. W poprzednich czytnikach tej firmy \u0142adowarka nie by\u0142a do\u0142\u0105czana do zestawu. Zreszt\u0105 rzadko kiedy zdarza si\u0119 to w przypadku czytnik\u00f3w.\u00a0 By\u0107 mo\u017ce to odst\u0119pstwo od regu\u0142y to pierwszy krok ku zmianie i wkr\u00f3tce b\u0119dzie to\u00a0 standardem.<\/p>\n<p style=\"text-align: center;\"><a href=\"http:\/\/www.blog.czytio.pl\/wp-content\/uploads\/2013\/09\/samochod.1.jpg\"><img loading=\"lazy\" decoding=\"async\" class=\"aligncenter size-full wp-image-2472\" title=\"samochod.\" src=\"http:\/\/www.blog.czytio.pl\/wp-content\/uploads\/2013\/09\/samochod.1.jpg\" alt=\"\" width=\"425\" height=\"350\" srcset=\"https:\/\/czytio.pl\/blog\/wp-content\/uploads\/2013\/09\/samochod.1.jpg 425w, https:\/\/czytio.pl\/blog\/wp-content\/uploads\/2013\/09\/samochod.1-300x247.jpg 300w\" sizes=\"auto, (max-width: 425px) 100vw, 425px\" \/><\/a><\/p>\n<h2 style=\"text-align: justify;\"><strong>Wygl\u0105d<\/strong><\/h2>\n<p style=\"text-align: justify;\">Je\u015bli chodzi o 8-calowy ekran jeste\u015bmy zdecydowanie na tak. Czytnik nie jest za du\u017cy, wygodnie si\u0119 go trzyma. Mo\u017cliwa jest r\u00f3wnie\u017c obs\u0142uga urz\u0105dzenia jedn\u0105 r\u0119k\u0105, cho\u0107 oczywi\u015bcie nie jest to ju\u017c tak samo \u0142atwe jak w przypadku mniejszych czytnik\u00f3w.\u00a0 Co wa\u017cniejsze, wi\u0119kszy ekran znacznie podnosi komfort czytania. Og\u00f3lnie czytnik ma bardzo przyjemny design, jest zgrabny, cienki, a tak\u017ce jest odczuwalnie l\u017cejszy ni\u017c przypuszczali\u015bmy.<\/p>\n<p style=\"text-align: center;\">\n<p style=\"text-align: center;\"><a href=\"http:\/\/www.blog.czytio.pl\/wp-content\/uploads\/2013\/09\/1..jpg\"><img loading=\"lazy\" decoding=\"async\" class=\"aligncenter size-full wp-image-2468\" title=\"1.\" src=\"http:\/\/www.blog.czytio.pl\/wp-content\/uploads\/2013\/09\/1..jpg\" alt=\"\" width=\"413\" height=\"340\" srcset=\"https:\/\/czytio.pl\/blog\/wp-content\/uploads\/2013\/09\/1..jpg 413w, https:\/\/czytio.pl\/blog\/wp-content\/uploads\/2013\/09\/1.-300x246.jpg 300w\" sizes=\"auto, (max-width: 413px) 100vw, 413px\" \/><\/a><\/p>\n<h2 style=\"text-align: justify;\"><strong>Kolorowy ekran<\/strong><\/h2>\n<p style=\"text-align: justify;\">Teraz kilka s\u0142\u00f3w o samym ekranie, kt\u00f3ry jest g\u0142\u00f3wn\u0105 cech\u0105 wyr\u00f3\u017cniaj\u0105c\u0105 Color Lux na rynku. Jako\u015b\u0107 kolor\u00f3w w PocketBook Color Lux jest niezaprzeczalnie lepsza ni\u017c w JetBook\u2019u.\u00a0 Niemniej jednak, aby korzysta\u0107 z czytnika bez pod\u015bwietlenia potrzebujemy bardzo dobrych warunk\u00f3w o\u015bwietleniowych. Przy wy\u0142\u0105czeniu \u015bwiate\u0142ka, kontrast w Color Lux jest znacznie gorszy ni\u017c w czarno-bia\u0142ych czytnikach. Aczkolwiek przy u\u017cyciu pod\u015bwietlenia wida\u0107 popraw\u0119 intensywno\u015bci kolor\u00f3w, nie s\u0105 one ju\u017c tak md\u0142e, ani blade jak w przypadku wcze\u015bniejszych urz\u0105dze\u0144 z kolorowym ekranem E-Ink.<\/p>\n<p style=\"text-align: center;\"><a href=\"http:\/\/www.blog.czytio.pl\/wp-content\/uploads\/2013\/09\/gazeta1..jpg\"><img loading=\"lazy\" decoding=\"async\" class=\"aligncenter size-full wp-image-2474\" title=\"gazeta1.\" src=\"http:\/\/www.blog.czytio.pl\/wp-content\/uploads\/2013\/09\/gazeta1..jpg\" alt=\"\" width=\"500\" height=\"607\" srcset=\"https:\/\/czytio.pl\/blog\/wp-content\/uploads\/2013\/09\/gazeta1..jpg 500w, https:\/\/czytio.pl\/blog\/wp-content\/uploads\/2013\/09\/gazeta1.-247x300.jpg 247w\" sizes=\"auto, (max-width: 500px) 100vw, 500px\" \/><\/a><\/p>\n<p style=\"text-align: justify;\">W przeciwie\u0144stwie do JetBooka, barwy w kolorowym PocketBooku s\u0105 bardziej wyraziste w ciemniejszych warunkach o\u015bwietleniowych (przy w\u0142\u0105czonym pod\u015bwietleniu) , ani\u017celi w jasnym pomieszczeniu. W przypadku czytania z Color Luxa w pe\u0142nym s\u0142o\u0144cu kolory s\u0105 mniej wyraziste. Nie zmienia to faktu, \u017ce ekran E-Ink jest czytelny w s\u0142o\u0144cu o czym tylko\u00a0 mo\u017cemy pomarzy\u0107 w przypadku tablet\u00f3w czy smartfon\u00f3w.<\/p>\n<p style=\"text-align: justify;\">Ekran Color Luxa mo\u017cna por\u00f3wna\u0107 do s\u0142abszych wy\u015bwietlaczy LCD. Za wyborem PocketBooka przemawia e-papier niweluj\u0105cy ryzyko pogorszenia wzroku. Faktycznie, w praktyce \u015bwiat\u0142o Color Luxa nie razi tak po oczach jak przy korzystaniu z tablet\u00f3w. Z kolorowego czytnika mo\u017cemy czyta\u0107 znacznie d\u0142u\u017cej bez uczucia zm\u0119czenia oczu.<\/p>\n<p style=\"text-align: justify;\">Osobom cz\u0119sto czytaj\u0105cym gazety lub inne kolorowe publikacje jak najbardziej polecamy Color Luxa. Je\u015bli jednak czytnik w g\u0142\u00f3wnej mierze ma s\u0142u\u017cy\u0107 do czytania zwyk\u0142ych, czarno-bia\u0142ych tre\u015bci zdecydowanie lepiej sprawdzi si\u0119 prostszy model, poniewa\u017c kontrast w kolorowym czytniku jest gorszy.<\/p>\n<p style=\"text-align: center;\"><a href=\"http:\/\/www.blog.czytio.pl\/wp-content\/uploads\/2013\/09\/kot.jpg\"><img loading=\"lazy\" decoding=\"async\" class=\"aligncenter size-full wp-image-2464\" title=\"kot\" src=\"http:\/\/www.blog.czytio.pl\/wp-content\/uploads\/2013\/09\/kot.jpg\" alt=\"\" width=\"500\" height=\"564\" srcset=\"https:\/\/czytio.pl\/blog\/wp-content\/uploads\/2013\/09\/kot.jpg 500w, https:\/\/czytio.pl\/blog\/wp-content\/uploads\/2013\/09\/kot-265x300.jpg 265w\" sizes=\"auto, (max-width: 500px) 100vw, 500px\" \/><\/a><\/p>\n<h2 style=\"text-align: justify;\"><strong>Wkr\u00f3tce na blogu<\/strong><\/h2>\n<p style=\"text-align: justify;\">Odno\u015bnie lepszej jako\u015bci kolor\u00f3w przy w\u0142\u0105czonym pod\u015bwietleniu na maksymalnym poziomie, przychodzi na my\u015bl pytanie: co z wytrzyma\u0142o\u015bci\u0105 baterii?<\/p>\n<p style=\"text-align: justify;\">Nasz test PocketBook Color Lux wci\u0105\u017c trwa. Dlatego te\u017c, odpowied\u017a \u00a0na to pytanie oraz wi\u0119cej szczeg\u00f3\u0142\u00f3w opiszemy ju\u017c wkr\u00f3tce na naszym blogu. Recenzja PocketBook C801 powinna pojawi\u0107 si\u0119 ju\u017c w przysz\u0142ym tygodniu.<\/p>\n<p style=\"text-align: center;\">\u00a0<a href=\"http:\/\/www.blog.czytio.pl\/wp-content\/uploads\/2013\/09\/gazeta2.jpg\"><img loading=\"lazy\" decoding=\"async\" class=\"aligncenter size-full wp-image-2475\" title=\"gazeta2\" src=\"http:\/\/www.blog.czytio.pl\/wp-content\/uploads\/2013\/09\/gazeta2.jpg\" alt=\"\" width=\"500\" height=\"605\" srcset=\"https:\/\/czytio.pl\/blog\/wp-content\/uploads\/2013\/09\/gazeta2.jpg 500w, https:\/\/czytio.pl\/blog\/wp-content\/uploads\/2013\/09\/gazeta2-247x300.jpg 247w\" sizes=\"auto, (max-width: 500px) 100vw, 500px\" \/><\/a><\/p>\n","protected":false},"excerpt":{"rendered":"<p>Kilka dni temu dotar\u0142 do nas d\u0142ugo oczekiwany pierwszy na \u015bwiecie 8-calowy, kolorowy czytnik E-Ink z pod\u015bwietleniem: PocketBook Color Lux. Pierwsze wra\u017cenia Ku naszemu zdziwieniu, po otworzeniu pude\u0142ka opr\u00f3cz czytnika ujrzeli\u015bmy r\u00f3wnie\u017c \u0142adowark\u0119 sieciow\u0105. Mi\u0142a odmiana. W poprzednich czytnikach tej firmy \u0142adowarka nie by\u0142a do\u0142\u0105czana do zestawu. Zreszt\u0105 rzadko kiedy zdarza si\u0119 to w przypadku [&hellip;]<\/p>\n","protected":false},"author":1,"featured_media":0,"comment_status":"open","ping_status":"closed","sticky":false,"template":"","format":"standard","meta":{"footnotes":""},"categories":[11],"tags":[198,16,22,64,18,98,6,197],"class_list":["post-2452","post","type-post","status-publish","format-standard","hentry","category-aktualnosci","tag-8-calowy-czytnik","tag-czytnik","tag-czytnik-e-ksiazek","tag-czytnik-ebookow","tag-e-ink","tag-kolorowy-ebook","tag-pocketbook","tag-pocketbook-color-lux"],"aioseo_notices":[],"views":8428,"_links":{"self":[{"href":"https:\/\/czytio.pl\/blog\/wp-json\/wp\/v2\/posts\/2452","targetHints":{"allow":["GET"]}}],"collection":[{"href":"https:\/\/czytio.pl\/blog\/wp-json\/wp\/v2\/posts"}],"about":[{"href":"https:\/\/czytio.pl\/blog\/wp-json\/wp\/v2\/types\/post"}],"author":[{"embeddable":true,"href":"https:\/\/czytio.pl\/blog\/wp-json\/wp\/v2\/users\/1"}],"replies":[{"embeddable":true,"href":"https:\/\/czytio.pl\/blog\/wp-json\/wp\/v2\/comments?post=2452"}],"version-history":[{"count":12,"href":"https:\/\/czytio.pl\/blog\/wp-json\/wp\/v2\/posts\/2452\/revisions"}],"predecessor-version":[{"id":2477,"href":"https:\/\/czytio.pl\/blog\/wp-json\/wp\/v2\/posts\/2452\/revisions\/2477"}],"wp:attachment":[{"href":"https:\/\/czytio.pl\/blog\/wp-json\/wp\/v2\/media?parent=2452"}],"wp:term":[{"taxonomy":"category","embeddable":true,"href":"https:\/\/czytio.pl\/blog\/wp-json\/wp\/v2\/categories?post=2452"},{"taxonomy":"post_tag","embeddable":true,"href":"https:\/\/czytio.pl\/blog\/wp-json\/wp\/v2\/tags?post=2452"}],"curies":[{"name":"wp","href":"https:\/\/api.w.org\/{rel}","templated":true}]}}