{"id":14648,"date":"2025-03-25T14:00:59","date_gmt":"2025-03-25T13:00:59","guid":{"rendered":"https:\/\/czytio.pl\/blog\/?p=14648"},"modified":"2025-03-25T15:24:18","modified_gmt":"2025-03-25T14:24:18","slug":"pocketbook-verse-lite-informacja-prasowa","status":"publish","type":"post","link":"https:\/\/czytio.pl\/blog\/pocketbook-verse-lite-informacja-prasowa\/","title":{"rendered":"PocketBook Verse Lite &#8211; informacja prasowa"},"content":{"rendered":"<h2>PocketBook uzupe\u0142nia swoj\u0105 lini\u0119 modeli Verse nowym czytnikiem. PocketBook Verse Lite to kompaktowe z 6-calowym wy\u015bwietlaczem E Ink Carta\u2122, przednim pod\u015bwietleniem, \u0142\u0105czem Wi-Fi oraz obs\u0142ug\u0105 25 format\u00f3w e-book\u00f3w i grafik, w tym format\u00f3w chronionych przez Adobe DRM i LCP DRM.<\/h2>\n<p><img loading=\"lazy\" decoding=\"async\" class=\"alignnone size-full wp-image-14652\" src=\"https:\/\/czytio.pl\/blog\/wp-content\/uploads\/2025\/03\/pocketbook-verse-lite-1.jpg\" alt=\"\" width=\"1100\" height=\"618\" srcset=\"https:\/\/czytio.pl\/blog\/wp-content\/uploads\/2025\/03\/pocketbook-verse-lite-1.jpg 1100w, https:\/\/czytio.pl\/blog\/wp-content\/uploads\/2025\/03\/pocketbook-verse-lite-1-300x169.jpg 300w, https:\/\/czytio.pl\/blog\/wp-content\/uploads\/2025\/03\/pocketbook-verse-lite-1-768x431.jpg 768w, https:\/\/czytio.pl\/blog\/wp-content\/uploads\/2025\/03\/pocketbook-verse-lite-1-624x351.jpg 624w\" sizes=\"auto, (max-width: 1100px) 100vw, 1100px\" \/><\/p>\n<p>Odpowiedni dla pocz\u0105tkuj\u0105cych mi\u0142o\u015bnik\u00f3w e-lektury czytnik b\u0119dzie dost\u0119pny w sprzeda\u017cy w cenie 489 z\u0142.<\/p>\n<p><em>Z nowym modelem kierujemy si\u0119 do os\u00f3b, kt\u00f3re chc\u0105 spr\u00f3bowa\u0107 odkry\u0107 do\u015bwiadczenia <\/em><em>elektronicznego czytania<\/em> \u2013 m\u00f3wi Maksym Zhelezniak, odpowiedzialny za rozw\u00f3j dzia\u0142alno\u015bci firmy PocketBook w Polsce oraz ca\u0142ej Europie \u015arodkowej i Wschodniej. <em>PocketBook Verse Lite wyposa\u017cyli\u015bmy we wszystkie podstawowe funkcjonalno\u015bci, kt\u00f3rych <\/em><em>potrzebuj\u0105 e-czytelnicy.<\/em><\/p>\n<p>Wprowadzany w\u0142a\u015bnie do oferty producenta czytnik, poza wszystkimi podstawowymi funkcjonalno\u015bciami, ma tak\u017ce jedn\u0105 ciekawostk\u0119 \u2013 jest obs\u0142ugiwany wy\u0142\u0105cznie dotykowo. W ten spos\u00f3b PocketBook odpowiada na g\u0142osy u\u017cytkownik\u00f3w, kt\u00f3rzy skar\u017cyli si\u0119 na przypadkowe u\u017cycie przycisk\u00f3w w czasie czytania.<\/p>\n<div id=\"attachment_14653\" style=\"width: 345px\" class=\"wp-caption aligncenter\"><img loading=\"lazy\" decoding=\"async\" aria-describedby=\"caption-attachment-14653\" class=\" wp-image-14653\" src=\"https:\/\/czytio.pl\/blog\/wp-content\/uploads\/2025\/03\/619-Verse-Lite-Midnight-Grey-02-eng-ico-874x1200.png\" alt=\"PocketBook Verse Lite\" width=\"335\" height=\"460\" srcset=\"https:\/\/czytio.pl\/blog\/wp-content\/uploads\/2025\/03\/619-Verse-Lite-Midnight-Grey-02-eng-ico-874x1200.png 874w, https:\/\/czytio.pl\/blog\/wp-content\/uploads\/2025\/03\/619-Verse-Lite-Midnight-Grey-02-eng-ico-218x300.png 218w, https:\/\/czytio.pl\/blog\/wp-content\/uploads\/2025\/03\/619-Verse-Lite-Midnight-Grey-02-eng-ico-768x1055.png 768w, https:\/\/czytio.pl\/blog\/wp-content\/uploads\/2025\/03\/619-Verse-Lite-Midnight-Grey-02-eng-ico-1118x1536.png 1118w, https:\/\/czytio.pl\/blog\/wp-content\/uploads\/2025\/03\/619-Verse-Lite-Midnight-Grey-02-eng-ico-1491x2048.png 1491w, https:\/\/czytio.pl\/blog\/wp-content\/uploads\/2025\/03\/619-Verse-Lite-Midnight-Grey-02-eng-ico-624x857.png 624w\" sizes=\"auto, (max-width: 335px) 100vw, 335px\" \/><p id=\"caption-attachment-14653\" class=\"wp-caption-text\">PocketBook Verse Lite<\/p><\/div>\n<p>PocketBook Verse Lite obs\u0142uguje dwie aplikacje abonamentowe Legimi i Empik Go, \u0142\u0105czno\u015b\u0107 z Dropboksem oraz funkcj\u0119 bezprzewodowego przesy\u0142ania plik\u00f3w Send-to-PocketBook. Procesor Dual Core, 8 GB pami\u0119ci wewn\u0119trznej oraz 512 MB pami\u0119ci RAM z pewno\u015bci\u0105 wystarcz\u0105 na pocz\u0105tek przygody z e-czytaniem.<\/p>\n<h3>O firmie PocketBook<\/h3>\n<p><a href=\"https:\/\/czytio.pl\/czytniki-ebookow\/pocketbook\">PocketBook<\/a> jest jednym z najwi\u0119kszych \u015bwiatowych producent\u00f3w wysokiej jako\u015bci czytnik\u00f3w ksi\u0105\u017cek elektronicznych z ekranami wykonanymi w technologii E Ink (zwan\u0105 te\u017c papierem elektronicznym).<\/p>\n<p>Firma powsta\u0142a w 2007 roku i ma swoj\u0105 siedzib\u0119 w Lugano w Szwajcarii. Do chwili obecnej sprzedano w 40 krajach ponad 6 milion\u00f3w produkt\u00f3w PocketBook. Dzi\u0119ki po\u0142\u0105czeniu sprz\u0119tu, unikalnego oprogramowania oraz ergonomicznego wzornictwa czytniki e-book\u00f3w PocketBook pozycjonuj\u0105 si\u0119 w segmencie \u201epremium\u201d tego rynku.<\/p>\n<p>info@pocketbook-int.com<br \/>\nTel\/fax: +41 91 922 07 05<br \/>\nwww.pocketbook-int.com<\/p>\n<p>Pocketbook International SA.<br \/>\n6 Crocicchio Cortogna St.<br \/>\nLugano, Switzerland, 6900<\/p>\n<p>Zajrzyj na nasz fanpage: <a href=\"https:\/\/www.facebook.com\/PocketBookPoland\">https:\/\/www.facebook.com\/PocketBookPoland<\/a><br \/>\n\u015aled\u017a nas na Instagramie: <a href=\"https:\/\/www.instagram.com\/pocketbook_pl\/\">https:\/\/www.instagram.com\/pocketbook_pl\/<\/a><\/p>\n","protected":false},"excerpt":{"rendered":"<p>PocketBook uzupe\u0142nia swoj\u0105 lini\u0119 modeli Verse nowym czytnikiem. PocketBook Verse Lite to kompaktowe z 6-calowym wy\u015bwietlaczem E Ink Carta\u2122, przednim pod\u015bwietleniem, \u0142\u0105czem Wi-Fi oraz obs\u0142ug\u0105 25 format\u00f3w e-book\u00f3w i grafik, w tym format\u00f3w chronionych przez Adobe DRM i LCP DRM. Odpowiedni dla pocz\u0105tkuj\u0105cych mi\u0142o\u015bnik\u00f3w e-lektury czytnik b\u0119dzie dost\u0119pny w sprzeda\u017cy w cenie 489 z\u0142. Z [&hellip;]<\/p>\n","protected":false},"author":1,"featured_media":14652,"comment_status":"open","ping_status":"closed","sticky":false,"template":"","format":"standard","meta":{"footnotes":""},"categories":[11],"tags":[2078,230,653,285,1802,696,6,2950],"class_list":["post-14648","post","type-post","status-publish","format-standard","has-post-thumbnail","hentry","category-aktualnosci","tag-6-calowy-czytnik","tag-e-ink-carta","tag-ekran-e-ink-carta","tag-legimi","tag-nowy-czytnik-pocketbook","tag-nowy-pocketbook","tag-pocketbook","tag-pocketbook-verse-lite"],"aioseo_notices":[],"views":978,"_links":{"self":[{"href":"https:\/\/czytio.pl\/blog\/wp-json\/wp\/v2\/posts\/14648","targetHints":{"allow":["GET"]}}],"collection":[{"href":"https:\/\/czytio.pl\/blog\/wp-json\/wp\/v2\/posts"}],"about":[{"href":"https:\/\/czytio.pl\/blog\/wp-json\/wp\/v2\/types\/post"}],"author":[{"embeddable":true,"href":"https:\/\/czytio.pl\/blog\/wp-json\/wp\/v2\/users\/1"}],"replies":[{"embeddable":true,"href":"https:\/\/czytio.pl\/blog\/wp-json\/wp\/v2\/comments?post=14648"}],"version-history":[{"count":6,"href":"https:\/\/czytio.pl\/blog\/wp-json\/wp\/v2\/posts\/14648\/revisions"}],"predecessor-version":[{"id":14659,"href":"https:\/\/czytio.pl\/blog\/wp-json\/wp\/v2\/posts\/14648\/revisions\/14659"}],"wp:featuredmedia":[{"embeddable":true,"href":"https:\/\/czytio.pl\/blog\/wp-json\/wp\/v2\/media\/14652"}],"wp:attachment":[{"href":"https:\/\/czytio.pl\/blog\/wp-json\/wp\/v2\/media?parent=14648"}],"wp:term":[{"taxonomy":"category","embeddable":true,"href":"https:\/\/czytio.pl\/blog\/wp-json\/wp\/v2\/categories?post=14648"},{"taxonomy":"post_tag","embeddable":true,"href":"https:\/\/czytio.pl\/blog\/wp-json\/wp\/v2\/tags?post=14648"}],"curies":[{"name":"wp","href":"https:\/\/api.w.org\/{rel}","templated":true}]}}