{"id":13480,"date":"2024-08-25T07:53:29","date_gmt":"2024-08-25T06:53:29","guid":{"rendered":"https:\/\/czytio.pl\/blog\/?p=13480"},"modified":"2025-06-05T11:25:01","modified_gmt":"2025-06-05T10:25:01","slug":"pocketbook-verse-pro-recenzja","status":"publish","type":"post","link":"https:\/\/czytio.pl\/blog\/pocketbook-verse-pro-recenzja\/","title":{"rendered":"PocketBook Verse Pro Color &#8211; recenzja"},"content":{"rendered":"\n<h2 class=\"wp-block-heading\">PocketBook Verse Pro Color to najnowszy, 6-calowy czytnik z kolorowym ekranem. Wsp\u00f3\u0142pracuje z abonamentami Legimi i Empik Go, a ponadto obs\u0142uguje a\u017c 6 format\u00f3w d\u017awi\u0119kowych do s\u0142uchania audiobook\u00f3w, podcast\u00f3w i muzyki. Przedstawiamy, do jakich zastosowa\u0144 PocketBook Verse Pro Color si\u0119 sprawdzi oraz czym si\u0119 r\u00f3\u017cni od PocketBook Verse Pro.<\/h2>\n\n\n<div class=\"wp-block-aioseo-table-of-contents\"><ul><li><a class=\"aioseo-toc-item\" href=\"#aioseo-wyglad-i-rozmiary\">Wygl\u0105d i rozmiary<\/a><\/li><li><a class=\"aioseo-toc-item\" href=\"#aioseo-ekran\">Ekran<\/a><\/li><li><a class=\"aioseo-toc-item\" href=\"#aioseo-specyfikacja-techniczna\">Specyfikacja techniczna<\/a><ul><li><a class=\"aioseo-toc-item\" href=\"#aioseo-interfejs\">Interfejs<\/a><\/li><li><a class=\"aioseo-toc-item\" href=\"#aioseo-formaty-plikow\">Formaty plik\u00f3w<\/a><\/li><li><a class=\"aioseo-toc-item\" href=\"#aioseo-bateria-i-pamiec\">Bateria i pami\u0119\u0107<\/a><\/li><\/ul><\/li><li><a class=\"aioseo-toc-item\" href=\"#aioseo-aplikacje\">Aplikacje<\/a><ul><li><a class=\"aioseo-toc-item\" href=\"#aioseo-przesylanie-danych\">Przesy\u0142anie danych<\/a><\/li><\/ul><\/li><li><a class=\"aioseo-toc-item\" href=\"#aioseo-czytanie\">Czytanie<\/a><ul><li><a class=\"aioseo-toc-item\" href=\"#aioseo-format-epub-mobi\">Format epub, mobi<\/a><\/li><li><a class=\"aioseo-toc-item\" href=\"#aioseo-format-pdf-djv-djvu\">Format pdf, djv, djvu<\/a><\/li><li><a class=\"aioseo-toc-item\" href=\"#aioseo-format-cbr-cbz\">Format cbr, cbz<\/a><\/li><li><a class=\"aioseo-toc-item\" href=\"#aioseo-format-jpg-jpeg-png-pneg\">Format jpg, jpeg, png, pneg<\/a><\/li><li><a class=\"aioseo-toc-item\" href=\"#aioseo-sluchanie\">S\u0142uchanie<\/a><\/li><\/ul><\/li><li><a class=\"aioseo-toc-item\" href=\"#aioseo-cena\">Cena<\/a><\/li><li><a class=\"aioseo-toc-item\" href=\"#aioseo-czym-sie-rozni-od-pocketbook-verse-pro\">Czym si\u0119 r\u00f3\u017cni od PocketBook Verse Pro?<\/a><\/li><li><a class=\"aioseo-toc-item\" href=\"#aioseo-dla-kogo-wiec-jest-pocketbook-verse-pro-color\">Dla kogo wi\u0119c jest PocketBook Verse Pro Color?<\/a><\/li><\/ul><\/div>\n\n\n<figure class=\"wp-block-image alignnone size-large wp-image-13487\"><img loading=\"lazy\" decoding=\"async\" width=\"1200\" height=\"773\" src=\"https:\/\/czytio.pl\/blog\/wp-content\/uploads\/2024\/08\/Ramka-pomaranczowa-czytio-blog-1200x773.png\" alt=\"PocketBook Verse Pro Color \" class=\"wp-image-13487\" srcset=\"https:\/\/czytio.pl\/blog\/wp-content\/uploads\/2024\/08\/Ramka-pomaranczowa-czytio-blog-1200x773.png 1200w, https:\/\/czytio.pl\/blog\/wp-content\/uploads\/2024\/08\/Ramka-pomaranczowa-czytio-blog-300x193.png 300w, https:\/\/czytio.pl\/blog\/wp-content\/uploads\/2024\/08\/Ramka-pomaranczowa-czytio-blog-768x495.png 768w, https:\/\/czytio.pl\/blog\/wp-content\/uploads\/2024\/08\/Ramka-pomaranczowa-czytio-blog-1536x989.png 1536w, https:\/\/czytio.pl\/blog\/wp-content\/uploads\/2024\/08\/Ramka-pomaranczowa-czytio-blog-624x402.png 624w, https:\/\/czytio.pl\/blog\/wp-content\/uploads\/2024\/08\/Ramka-pomaranczowa-czytio-blog.png 2048w\" sizes=\"auto, (max-width: 1200px) 100vw, 1200px\" \/><figcaption class=\"wp-element-caption\">PocketBook Verse Pro Color<\/figcaption><\/figure>\n\n\n\n<h3 class=\"wp-block-heading\" id=\"aioseo-wyglad-i-rozmiary\"><b>Wygl\u0105d i rozmiary<\/b><\/h3>\n\n\n\n<p>PocketBook Verse Pro Color to 6-calowy, kompaktowy i lekki czytnik e-book\u00f3w. Wymiary czytnika 108 \u00d7 156 \u00d7 7,6 mm i waga 182 g czyni\u0105 go por\u0119cznym i \u0142atwym do przenoszenia. Obudowa jest wykonana z trwa\u0142ych materia\u0142\u00f3w, boczne kraw\u0119dzie s\u0105 w kolorze niebiesko-szarym. Przyciski do zmiany stron, do powrotu do strony g\u0142\u00f3wnej i do w\u0142\u0105czania\/wy\u0142\u0105czania s\u0105 umieszczone pod ekranem. PocketBook Verse Pro Color posiada tak\u017ce standardowe wej\u015bcie USB-C na dolnej kraw\u0119dzi.<\/p>\n\n\n\n<figure class=\"wp-block-image alignnone size-large wp-image-13481\"><img loading=\"lazy\" decoding=\"async\" width=\"1200\" height=\"773\" src=\"https:\/\/czytio.pl\/blog\/wp-content\/uploads\/2024\/08\/Ramka-pomaranczowa-czytio-blog2-1200x773.png\" alt=\"PocketBook Verse Pro Color - przyciski fizyczne\" class=\"wp-image-13481\" srcset=\"https:\/\/czytio.pl\/blog\/wp-content\/uploads\/2024\/08\/Ramka-pomaranczowa-czytio-blog2-1200x773.png 1200w, https:\/\/czytio.pl\/blog\/wp-content\/uploads\/2024\/08\/Ramka-pomaranczowa-czytio-blog2-300x193.png 300w, https:\/\/czytio.pl\/blog\/wp-content\/uploads\/2024\/08\/Ramka-pomaranczowa-czytio-blog2-768x495.png 768w, https:\/\/czytio.pl\/blog\/wp-content\/uploads\/2024\/08\/Ramka-pomaranczowa-czytio-blog2-1536x989.png 1536w, https:\/\/czytio.pl\/blog\/wp-content\/uploads\/2024\/08\/Ramka-pomaranczowa-czytio-blog2-624x402.png 624w, https:\/\/czytio.pl\/blog\/wp-content\/uploads\/2024\/08\/Ramka-pomaranczowa-czytio-blog2.png 2048w\" sizes=\"auto, (max-width: 1200px) 100vw, 1200px\" \/><figcaption class=\"wp-element-caption\">PocketBook Verse Pro Color &#8211; przyciski fizyczne<\/figcaption><\/figure>\n\n\n\n<h3 class=\"wp-block-heading\" id=\"aioseo-ekran\"><b>Ekran<\/b><\/h3>\n\n\n\n<p>Ekran E-Ink Kaleido 3 zapewnia rozdzielczo\u015b\u0107 300 PPI w odcieniach szaro\u015bci i 150 PPI w kolorze. Funkcja SMARTlight umo\u017cliwia regulacj\u0119 jasno\u015bci i barwy pod\u015bwietlenia, dzi\u0119ki czemu ekran b\u0119dzie tak samo wyrazisty w bezpo\u015brednim \u015bwietle s\u0142onecznym, jak i w przyciemnionych pomieszczeniach. Wy\u015bwietlacz jest matowy, dzi\u0119ki temu ma si\u0119 wra\u017cenie czytania jak z kartki papieru.<\/p>\n\n\n\n<p>Kolorowy ekran prezentuje w ciekawszy spos\u00f3b kolorowe ok\u0142adki ksi\u0105\u017cek. Obrazki w ksi\u0105\u017ckach dla dzieci nabieraj\u0105 barw, kt\u00f3re zach\u0119c\u0105 najm\u0142odszych do si\u0119gni\u0119cia po lektur\u0119. Barwy s\u0105 przyjemnie pastelowe i zdecydowanie umilaj\u0105 obs\u0142ug\u0119.<\/p>\n\n\n\n<figure class=\"wp-block-image alignnone size-large wp-image-13488\"><img loading=\"lazy\" decoding=\"async\" width=\"1200\" height=\"773\" src=\"https:\/\/czytio.pl\/blog\/wp-content\/uploads\/2024\/08\/Ramka-pomaranczowa-czytio-blog1-1200x773.png\" alt=\"PocketBook Verse Pro Color - ekran g\u0142\u00f3wny\" class=\"wp-image-13488\" srcset=\"https:\/\/czytio.pl\/blog\/wp-content\/uploads\/2024\/08\/Ramka-pomaranczowa-czytio-blog1-1200x773.png 1200w, https:\/\/czytio.pl\/blog\/wp-content\/uploads\/2024\/08\/Ramka-pomaranczowa-czytio-blog1-300x193.png 300w, https:\/\/czytio.pl\/blog\/wp-content\/uploads\/2024\/08\/Ramka-pomaranczowa-czytio-blog1-768x495.png 768w, https:\/\/czytio.pl\/blog\/wp-content\/uploads\/2024\/08\/Ramka-pomaranczowa-czytio-blog1-1536x989.png 1536w, https:\/\/czytio.pl\/blog\/wp-content\/uploads\/2024\/08\/Ramka-pomaranczowa-czytio-blog1-624x402.png 624w, https:\/\/czytio.pl\/blog\/wp-content\/uploads\/2024\/08\/Ramka-pomaranczowa-czytio-blog1.png 2048w\" sizes=\"auto, (max-width: 1200px) 100vw, 1200px\" \/><figcaption class=\"wp-element-caption\">PocketBook Verse Pro Color &#8211; ekran g\u0142\u00f3wny<\/figcaption><\/figure>\n\n\n\n<h3 class=\"wp-block-heading\" id=\"aioseo-specyfikacja-techniczna\"><b>Specyfikacja techniczna<\/b><\/h3>\n\n\n\n<p>PocketBook Verse Pro Color wyposa\u017cony jest w szybki procesor Quad Core oraz 1 GB pami\u0119ci RAM, co zapewnia p\u0142ynne dzia\u0142anie i prze\u0142\u0105czanie mi\u0119dzy stronami. Czytnik jest r\u00f3wnie\u017c wodoodporny zgodnie z norm\u0105 IPX8, co oznacza, \u017ce mo\u017cna go zanurzy\u0107 w s\u0142odkiej wodzie do 2 metr\u00f3w g\u0142\u0119boko\u015bci przez 60 minut.<\/p>\n\n\n\n<p>Obs\u0142uga Wi-Fi (2.4GHz + 5GHz) umo\u017cliwia \u0142atw\u0105 synchronizacj\u0119 ksi\u0105\u017cek i obs\u0142ug\u0119 prostej przegl\u0105darki, a tak\u017ce aktualizacj\u0119 czytnika. Natomiast modu\u0142 Bluetooth (5.4) pozwala na \u0142\u0105czenie si\u0119 z bezprzewodowymi s\u0142uchawkami i g\u0142o\u015bnikami w celu s\u0142uchania audiobook\u00f3w lub muzyki.<\/p>\n\n\n\n<h4 class=\"wp-block-heading\" id=\"aioseo-interfejs\"><b>Interfejs<\/b><\/h4>\n\n\n\n<p>PocketBook Verse Pro Color oferuje polskoj\u0119zyczny interfejs, co sprawia, \u017ce obs\u0142uga czytnika jest \u0142atwa nawet dla tych, kt\u00f3rzy wcze\u015bniej nie korzystali z czytnik\u00f3w. System operacyjny Linux jest intuicyjny oraz posiada akcelerometr, kt\u00f3ry automatycznie dostosowuje orientacj\u0119 ekranu. Nie mo\u017cna instalowa\u0107 dodatkowych aplikacji.<\/p>\n\n\n\n<p>Dost\u0119pny jest tryb ciemny, w kt\u00f3rym tekst jest bia\u0142y, a t\u0142o czarne.<\/p>\n\n\n\n<h4 class=\"wp-block-heading\" id=\"aioseo-formaty-plikow\"><b>Formaty plik\u00f3w<\/b><\/h4>\n\n\n\n<p>Czytnik obs\u0142uguje 25 r\u00f3\u017cnych format\u00f3w plik\u00f3w, w tym najpopularniejsze formaty ebook\u00f3w i grafik (m.in. epub, mobi, pdf, mp3, jpeg), dzi\u0119ki czemu mo\u017cna cieszy\u0107 si\u0119 lektur\u0105 bez konwersji plik\u00f3w.<\/p>\n\n\n\n<h4 class=\"wp-block-heading\" id=\"aioseo-bateria-i-pamiec\"><b>Bateria i pami\u0119\u0107<\/b><\/h4>\n\n\n\n<p>PocketBook Verse Pro Color wyposa\u017cony jest w pojemn\u0105 bateri\u0119 2100 mAh, kt\u00f3ra zapewnia do kilku tygodni pracy na jednym \u0142adowaniu. Posiada 16 GB wbudowanej pami\u0119ci, co pozwala na przechowywanie tysi\u0119cy r\u00f3\u017cnych ksi\u0105\u017cek i audiobook\u00f3w. Czytnik nie obs\u0142uguje kart SD, ale wspiera us\u0142ugi chmurowe (Dropbox i PocketBook Cloud &#8211; chmura producenta jest dost\u0119pna wymiennie z aplikacjami Legimi i Empik Go), co zwi\u0119ksza dost\u0119pn\u0105 pami\u0119\u0107 i umo\u017cliwia synchronizacj\u0119 z innymi urz\u0105dzeniami.<\/p>\n\n\n\n<figure class=\"wp-block-image alignnone size-large wp-image-13483\"><img loading=\"lazy\" decoding=\"async\" width=\"1200\" height=\"773\" src=\"https:\/\/czytio.pl\/blog\/wp-content\/uploads\/2024\/08\/Ramka-pomaranczowa-czytio-blog4-1200x773.png\" alt=\"PocketBook Verse Pro Color - aplikacja Empik Go\" class=\"wp-image-13483\" srcset=\"https:\/\/czytio.pl\/blog\/wp-content\/uploads\/2024\/08\/Ramka-pomaranczowa-czytio-blog4-1200x773.png 1200w, https:\/\/czytio.pl\/blog\/wp-content\/uploads\/2024\/08\/Ramka-pomaranczowa-czytio-blog4-300x193.png 300w, https:\/\/czytio.pl\/blog\/wp-content\/uploads\/2024\/08\/Ramka-pomaranczowa-czytio-blog4-768x495.png 768w, https:\/\/czytio.pl\/blog\/wp-content\/uploads\/2024\/08\/Ramka-pomaranczowa-czytio-blog4-1536x989.png 1536w, https:\/\/czytio.pl\/blog\/wp-content\/uploads\/2024\/08\/Ramka-pomaranczowa-czytio-blog4-624x402.png 624w, https:\/\/czytio.pl\/blog\/wp-content\/uploads\/2024\/08\/Ramka-pomaranczowa-czytio-blog4.png 2048w\" sizes=\"auto, (max-width: 1200px) 100vw, 1200px\" \/><figcaption class=\"wp-element-caption\">PocketBook Verse Pro Color &#8211; aplikacja Empik Go<\/figcaption><\/figure>\n\n\n\n<h3 class=\"wp-block-heading\" id=\"aioseo-aplikacje\"><b>Aplikacje<\/b><\/h3>\n\n\n\n<p>Na czytniku zosta\u0142y zainstalowane przez producenta aplikacje ksi\u0119garni abonamentowych Legimi i EmpikGo. \u017beby doda\u0107 ksi\u0105\u017ck\u0119 na p\u00f3\u0142k\u0119 w aplikacji Legimi potrzebujemy innego urz\u0105dzenia z internetem, np. telefonu lub komputera. Natomiast w aplikacji EmpikGo mo\u017cemy przegl\u0105da\u0107 dost\u0119pny katalog i bezpo\u015brednio na czytniku. <a href=\"https:\/\/youtu.be\/K-I3QBv231c?si=BTE5wov8Bjk0eiFx\" target=\"_blank\" rel=\"noopener\" title=\"\">PocketBook Verse Pro Color<\/a> posiada r\u00f3wnie\u017c wbudowan\u0105 prost\u0105 przegl\u0105dark\u0119 internetow\u0105. Do naszej dyspozycji s\u0105 r\u00f3wnie\u017c proste gry i kolorowanki.<\/p>\n\n\n\n<h4 class=\"wp-block-heading\" id=\"aioseo-przesylanie-danych\"><b>Przesy\u0142anie danych<\/b><\/h4>\n\n\n\n<p>Funkcje przesy\u0142ania danych obejmuj\u0105 mo\u017cliwo\u015b\u0107 korzystania z chmury oraz po\u0142\u0105czenia USB-C. \u0141atwo przes\u0142a\u0107 e-booki mo\u017cemy tak\u017ce przez funkcj\u0119 Send-to-PocketBook.<\/p>\n\n\n\n<figure class=\"wp-block-image alignnone size-large wp-image-13482\"><img loading=\"lazy\" decoding=\"async\" width=\"1200\" height=\"773\" src=\"https:\/\/czytio.pl\/blog\/wp-content\/uploads\/2024\/08\/Ramka-pomaranczowa-czytio-blog3-1200x773.png\" alt=\"PocketBook Verse Pro Color - funkcje czytania\" class=\"wp-image-13482\" srcset=\"https:\/\/czytio.pl\/blog\/wp-content\/uploads\/2024\/08\/Ramka-pomaranczowa-czytio-blog3-1200x773.png 1200w, https:\/\/czytio.pl\/blog\/wp-content\/uploads\/2024\/08\/Ramka-pomaranczowa-czytio-blog3-300x193.png 300w, https:\/\/czytio.pl\/blog\/wp-content\/uploads\/2024\/08\/Ramka-pomaranczowa-czytio-blog3-768x495.png 768w, https:\/\/czytio.pl\/blog\/wp-content\/uploads\/2024\/08\/Ramka-pomaranczowa-czytio-blog3-1536x989.png 1536w, https:\/\/czytio.pl\/blog\/wp-content\/uploads\/2024\/08\/Ramka-pomaranczowa-czytio-blog3-624x402.png 624w, https:\/\/czytio.pl\/blog\/wp-content\/uploads\/2024\/08\/Ramka-pomaranczowa-czytio-blog3.png 2048w\" sizes=\"auto, (max-width: 1200px) 100vw, 1200px\" \/><figcaption class=\"wp-element-caption\">PocketBook Verse Pro Color &#8211; funkcje czytania<\/figcaption><\/figure>\n\n\n\n<h3 class=\"wp-block-heading\" id=\"aioseo-czytanie\"><b>Czytanie<\/b><\/h3>\n\n\n\n<p>Do czytania e-book\u00f3w mamy dost\u0119pnych wiele opcji i narz\u0119dzi. Mo\u017cna dodawa\u0107 zak\u0142adki i kr\u00f3tkie notki do tekstu oraz t\u0142umaczy\u0107 s\u0142owa na podstawie wbudowanych s\u0142ownik\u00f3w. Podczas czytania czytnik mo\u017cemy obs\u0142ugiwa\u0107 r\u00f3wnie\u017c przez gesty: np. przeci\u0105gni\u0119cie od prawej do lepiej przeniesie nas na drug\u0105 stron\u0119. Poszczeg\u00f3lne strefy dotyku na ekranie s\u0142u\u017c\u0105 do r\u00f3\u017cnych funkcji: dotkni\u0119cie lewego g\u00f3rnego rogu oznacza wyj\u015bcie z ksi\u0105\u017cki, a prawego g\u00f3rnego rogu &#8211; otworzenie zak\u0142adek. Dzi\u0119ki temu obs\u0142uga czytnika jest wygodna.<\/p>\n\n\n\n<figure class=\"wp-block-image alignnone\"><a href=\"https:\/\/czytio.pl\/blog\/wp-content\/uploads\/2024\/08\/scr0001.bmp\"><img loading=\"lazy\" decoding=\"async\" width=\"888\" height=\"1200\" src=\"https:\/\/czytio.pl\/blog\/wp-content\/uploads\/2024\/08\/scr0001-888x1200.jpg\" alt=\"PocketBook Verse Pro Color - strefy dotyku\" class=\"wp-image-13489\" srcset=\"https:\/\/czytio.pl\/blog\/wp-content\/uploads\/2024\/08\/scr0001-888x1200.jpg 888w, https:\/\/czytio.pl\/blog\/wp-content\/uploads\/2024\/08\/scr0001-222x300.jpg 222w, https:\/\/czytio.pl\/blog\/wp-content\/uploads\/2024\/08\/scr0001-768x1037.jpg 768w, https:\/\/czytio.pl\/blog\/wp-content\/uploads\/2024\/08\/scr0001-624x843.jpg 624w, https:\/\/czytio.pl\/blog\/wp-content\/uploads\/2024\/08\/scr0001.bmp 1072w\" sizes=\"auto, (max-width: 888px) 100vw, 888px\" \/><\/a><figcaption class=\"wp-element-caption\">PocketBook Verse Pro Color &#8211; strefy dotyku<\/figcaption><\/figure>\n\n\n\n<h4 class=\"wp-block-heading\" id=\"aioseo-format-epub-mobi\"><b>Format epub, mobi<\/b><\/h4>\n\n\n\n<p>W plikach epub i mobi mo\u017cna zmienia\u0107 marginesy i interlini\u0119, tekst mo\u017cna powi\u0119ksza\u0107, pogrubia\u0107 i zmienia\u0107 na kursyw\u0119. Jest r\u00f3wnie\u017c mo\u017cliwo\u015b\u0107 zmiany czcionki.<\/p>\n\n\n\n<h4 class=\"wp-block-heading\" id=\"aioseo-format-pdf-djv-djvu\"><b>Format pdf, djv, djvu<\/b><\/h4>\n\n\n\n<p>W plikach pdf i djv mo\u017cemy dostosowa\u0107 jasno\u015b\u0107, kontrast i ekspozycj\u0119 wy\u015bwietlanego obrazu. By jak najwygodniej przegl\u0105da\u0107 ksi\u0105\u017cki mo\u017cna poobcina\u0107 marginesy i dopasowa\u0107 tekst do szeroko\u015bci ekranu. Plik mo\u017cna otworzy\u0107 w funkcji rozp\u0142ywu lub trybie kolumnowym, by tekst by\u0142 jak najbardziej dostosowany do ramek czytnika do wygodnego czytania.<\/p>\n\n\n\n<h4 class=\"wp-block-heading\" id=\"aioseo-format-cbr-cbz\"><b>Format cbr, cbz<\/b><\/h4>\n\n\n\n<p>Komiksy i mangi mo\u017cna wy\u015bwietli\u0107 w trybie kolumnowym, mo\u017cna te\u017c przyci\u0105\u0107 marginesy i dostosowa\u0107 ustawienia obrazu (jasno\u015b\u0107, kontrast, ekspozycj\u0119).<\/p>\n\n\n\n<h4 class=\"wp-block-heading\" id=\"aioseo-format-jpg-jpeg-png-pneg\"><b>Format jpg, jpeg, png, pneg<\/b><\/h4>\n\n\n\n<p>Pliki graficzne mo\u017cna przegl\u0105da\u0107 w aplikacji wgranej przez producenta \u201cRamka na zdj\u0119cia\u201d. Umo\u017cliwia regulacj\u0119 ustawie\u0144 obrazu: jasno\u015b\u0107, kontrast i ekspozycj\u0119. Mo\u017cna r\u00f3wnie\u017c w\u0142\u0105czy\u0107 pokaz slajd\u00f3w.<\/p>\n\n\n\n<figure class=\"wp-block-image alignnone size-large wp-image-13485\"><img loading=\"lazy\" decoding=\"async\" width=\"1200\" height=\"773\" src=\"https:\/\/czytio.pl\/blog\/wp-content\/uploads\/2024\/08\/Ramka-pomaranczowa-czytio-blog6-1200x773.png\" alt=\"PocketBook Verse Pro Color - ustawienia obrazu\" class=\"wp-image-13485\" srcset=\"https:\/\/czytio.pl\/blog\/wp-content\/uploads\/2024\/08\/Ramka-pomaranczowa-czytio-blog6-1200x773.png 1200w, https:\/\/czytio.pl\/blog\/wp-content\/uploads\/2024\/08\/Ramka-pomaranczowa-czytio-blog6-300x193.png 300w, https:\/\/czytio.pl\/blog\/wp-content\/uploads\/2024\/08\/Ramka-pomaranczowa-czytio-blog6-768x495.png 768w, https:\/\/czytio.pl\/blog\/wp-content\/uploads\/2024\/08\/Ramka-pomaranczowa-czytio-blog6-1536x989.png 1536w, https:\/\/czytio.pl\/blog\/wp-content\/uploads\/2024\/08\/Ramka-pomaranczowa-czytio-blog6-624x402.png 624w, https:\/\/czytio.pl\/blog\/wp-content\/uploads\/2024\/08\/Ramka-pomaranczowa-czytio-blog6.png 2048w\" sizes=\"auto, (max-width: 1200px) 100vw, 1200px\" \/><figcaption class=\"wp-element-caption\">PocketBook Verse Pro Color &#8211; ustawienia obrazu<\/figcaption><\/figure>\n\n\n\n<h4 class=\"wp-block-heading\" id=\"aioseo-sluchanie\"><b>S\u0142uchanie<\/b><\/h4>\n\n\n\n<p>Czytnik obs\u0142uguje 6 format\u00f3w d\u017awi\u0119kowych: M4A,M4B, MP3, MP3.zip. OGG. OGG.zip. Dzi\u0119ki temu wystarczy przenie\u015b\u0107 plik do pami\u0119ci czytnika, by mo\u017cna by\u0142o s\u0142ucha\u0107 audiobook\u00f3w, podcast\u00f3w lub ulubionej muzyki. G\u0142o\u015bno\u015b\u0107 i szybko\u015b\u0107 mo\u017cna dostosowa\u0107. Jest r\u00f3wnie\u017c mo\u017cliwo\u015b\u0107 dodawania zak\u0142adek.<\/p>\n\n\n\n<p>Ponadto jest dost\u0119pna funkcja Text-to-Speech, dzi\u0119ki kt\u00f3rej automatyczny lektor b\u0119dzie wymawia\u0142 na g\u0142os tekst ksi\u0105\u017cki. Nie jest to oczywi\u015bcie naturalny g\u0142os, jednak w sytuacji gdy mamy zaj\u0119te r\u0119ce, a trudno odnale\u017a\u0107 audiobook czytanego przez profesjonalnego lektora, funkcja TTS sprawdzi si\u0119 wystarczaj\u0105co.<\/p>\n\n\n\n<figure class=\"wp-block-image alignnone size-large wp-image-13486\"><img loading=\"lazy\" decoding=\"async\" width=\"1200\" height=\"773\" src=\"https:\/\/czytio.pl\/blog\/wp-content\/uploads\/2024\/08\/Ramka-pomaranczowa-czytio-blog7-1200x773.png\" alt=\"PocketBook Verse Pro Color - kolorowy komiks\" class=\"wp-image-13486\" srcset=\"https:\/\/czytio.pl\/blog\/wp-content\/uploads\/2024\/08\/Ramka-pomaranczowa-czytio-blog7-1200x773.png 1200w, https:\/\/czytio.pl\/blog\/wp-content\/uploads\/2024\/08\/Ramka-pomaranczowa-czytio-blog7-300x193.png 300w, https:\/\/czytio.pl\/blog\/wp-content\/uploads\/2024\/08\/Ramka-pomaranczowa-czytio-blog7-768x495.png 768w, https:\/\/czytio.pl\/blog\/wp-content\/uploads\/2024\/08\/Ramka-pomaranczowa-czytio-blog7-1536x989.png 1536w, https:\/\/czytio.pl\/blog\/wp-content\/uploads\/2024\/08\/Ramka-pomaranczowa-czytio-blog7-624x402.png 624w, https:\/\/czytio.pl\/blog\/wp-content\/uploads\/2024\/08\/Ramka-pomaranczowa-czytio-blog7.png 2048w\" sizes=\"auto, (max-width: 1200px) 100vw, 1200px\" \/><figcaption class=\"wp-element-caption\">PocketBook Verse Pro Color &#8211; kolorowy komiks<\/figcaption><\/figure>\n\n\n\n<h3 class=\"wp-block-heading\" id=\"aioseo-cena\"><b>Cena<\/b><\/h3>\n\n\n\n<p>PocketBook Verse Pro Color kosztuje obecnie 769 z\u0142, co czyni go przyst\u0119pnym wyborem dla wielu u\u017cytkownik\u00f3w. Nale\u017cy zwr\u00f3ci\u0107 uwag\u0119, \u017ce wersja z monochromatycznym ekranem jest zaledwie kilkadziesi\u0105t z\u0142otych ta\u0144sza.<\/p>\n\n\n\n<h3 class=\"wp-block-heading\" id=\"aioseo-czym-sie-rozni-od-pocketbook-verse-pro\"><b>Czym si\u0119 r\u00f3\u017cni od PocketBook Verse Pro?<\/b><\/h3>\n\n\n\n<p>Najwi\u0119ksz\u0105 r\u00f3\u017cnic\u0105 mi\u0119dzy tymi modelami jest oczywi\u015bcie ekran. Ponadto, najnowszy model PocketBook ma szybszy procesor i szybsze \u0142\u0105cze Wi-Fi. W specyfikacji zauwa\u017cymy r\u00f3wnie\u017c, \u017ce ma te\u017c nieco lepsz\u0105 bateri\u0119, cho\u0107 w codziennym u\u017cytkowaniu r\u00f3\u017cnica mo\u017ce by\u0107 subtelna. Kolorowy ekran E-Ink jest znacznie ciemniejszy od ekranu monochromatycznego, w zwi\u0105zku z czym mo\u017ce by\u0107 potrzebne sta\u0142e pod\u015bwietlenie, kt\u00f3re mo\u017ce szybciej zu\u017cywa\u0107 bateri\u0119.<\/p>\n\n\n\n<p>Warto zwr\u00f3ci\u0107 uwag\u0119, \u017ce wymiary czytnika s\u0105 takie same jak PocketBook Verse i PocketBook Verse Pro, wi\u0119c etui b\u0119dzie pasowa\u0107 zamiennie do tych modeli.<\/p>\n\n\n\n<figure class=\"wp-block-image alignnone size-large wp-image-13484\"><img loading=\"lazy\" decoding=\"async\" width=\"1200\" height=\"773\" src=\"https:\/\/czytio.pl\/blog\/wp-content\/uploads\/2024\/08\/Ramka-pomaranczowa-czytio-blog5-1200x773.png\" alt=\"PocketBook Verse Pro Color - przegl\u0105darka\" class=\"wp-image-13484\" srcset=\"https:\/\/czytio.pl\/blog\/wp-content\/uploads\/2024\/08\/Ramka-pomaranczowa-czytio-blog5-1200x773.png 1200w, https:\/\/czytio.pl\/blog\/wp-content\/uploads\/2024\/08\/Ramka-pomaranczowa-czytio-blog5-300x193.png 300w, https:\/\/czytio.pl\/blog\/wp-content\/uploads\/2024\/08\/Ramka-pomaranczowa-czytio-blog5-768x495.png 768w, https:\/\/czytio.pl\/blog\/wp-content\/uploads\/2024\/08\/Ramka-pomaranczowa-czytio-blog5-1536x989.png 1536w, https:\/\/czytio.pl\/blog\/wp-content\/uploads\/2024\/08\/Ramka-pomaranczowa-czytio-blog5-624x402.png 624w, https:\/\/czytio.pl\/blog\/wp-content\/uploads\/2024\/08\/Ramka-pomaranczowa-czytio-blog5.png 2048w\" sizes=\"auto, (max-width: 1200px) 100vw, 1200px\" \/><figcaption class=\"wp-element-caption\">PocketBook Verse Pro Color &#8211; przegl\u0105darka<\/figcaption><\/figure>\n\n\n\n<h3 class=\"wp-block-heading\" id=\"aioseo-dla-kogo-wiec-jest-pocketbook-verse-pro-color\"><b>Dla kogo wi\u0119c jest PocketBook Verse Pro Color?<\/b><\/h3>\n\n\n\n<p>Przede wszystkim dla fan\u00f3w beletrystyki. \u015awietnie si\u0119 sprawdzi, je\u015bli ksi\u0105\u017cka b\u0119dzie mia\u0142a kolorowe zdj\u0119cia czy mapy, wi\u0119c szczeg\u00f3lnie mi\u0142o\u015bnicy fantasy b\u0119d\u0105 zadowoleni z tego modelu. Kolorowe ok\u0142adki r\u00f3wnie\u017c prezentuj\u0105 si\u0119 przyjemnie, a ksi\u0105\u017cki dla dzieci zyskuj\u0105 wi\u0119cej uroku.<\/p>\n\n\n\n<p>autor: A.B.<\/p>\n\n\n\n<p><a href=\"https:\/\/czytio.pl\/czytniki-ebookow\/687\/pocketbook-verse-pro-color\" target=\"_blank\" rel=\"noopener\" title=\"\">PocketBook Verse Pro Color<\/a><\/p>\n","protected":false},"excerpt":{"rendered":"<p>PocketBook Verse Pro Color to najnowszy, 6-calowy czytnik z kolorowym ekranem. Wsp\u00f3\u0142pracuje z abonamentami Legimi i Empik Go, a ponadto obs\u0142uguje a\u017c 6 format\u00f3w d\u017awi\u0119kowych do s\u0142uchania audiobook\u00f3w, podcast\u00f3w i muzyki. Przedstawiamy, do jakich zastosowa\u0144 PocketBook Verse Pro Color si\u0119 sprawdzi oraz czym si\u0119 r\u00f3\u017cni od PocketBook Verse Pro. Wygl\u0105d i rozmiary PocketBook Verse Pro [&hellip;]<\/p>\n","protected":false},"author":1,"featured_media":13492,"comment_status":"open","ping_status":"closed","sticky":false,"template":"","format":"standard","meta":{"footnotes":""},"categories":[607],"tags":[2078,2722,2745,2719,2773,2713,2350],"class_list":["post-13480","post","type-post","status-publish","format-standard","has-post-thumbnail","hentry","category-recenzje","tag-6-calowy-czytnik","tag-6-calowy-kolorowy-ekran","tag-czytnik-na-podroz","tag-funkcje-pocketbook","tag-kompaktowy-kolorowy-czytnik","tag-pocketbook-verse-pro-color","tag-wodoodporny-czytnik"],"aioseo_notices":[],"views":17553,"_links":{"self":[{"href":"https:\/\/czytio.pl\/blog\/wp-json\/wp\/v2\/posts\/13480","targetHints":{"allow":["GET"]}}],"collection":[{"href":"https:\/\/czytio.pl\/blog\/wp-json\/wp\/v2\/posts"}],"about":[{"href":"https:\/\/czytio.pl\/blog\/wp-json\/wp\/v2\/types\/post"}],"author":[{"embeddable":true,"href":"https:\/\/czytio.pl\/blog\/wp-json\/wp\/v2\/users\/1"}],"replies":[{"embeddable":true,"href":"https:\/\/czytio.pl\/blog\/wp-json\/wp\/v2\/comments?post=13480"}],"version-history":[{"count":4,"href":"https:\/\/czytio.pl\/blog\/wp-json\/wp\/v2\/posts\/13480\/revisions"}],"predecessor-version":[{"id":15261,"href":"https:\/\/czytio.pl\/blog\/wp-json\/wp\/v2\/posts\/13480\/revisions\/15261"}],"wp:featuredmedia":[{"embeddable":true,"href":"https:\/\/czytio.pl\/blog\/wp-json\/wp\/v2\/media\/13492"}],"wp:attachment":[{"href":"https:\/\/czytio.pl\/blog\/wp-json\/wp\/v2\/media?parent=13480"}],"wp:term":[{"taxonomy":"category","embeddable":true,"href":"https:\/\/czytio.pl\/blog\/wp-json\/wp\/v2\/categories?post=13480"},{"taxonomy":"post_tag","embeddable":true,"href":"https:\/\/czytio.pl\/blog\/wp-json\/wp\/v2\/tags?post=13480"}],"curies":[{"name":"wp","href":"https:\/\/api.w.org\/{rel}","templated":true}]}}