{"id":11903,"date":"2023-07-19T17:00:24","date_gmt":"2023-07-19T16:00:24","guid":{"rendered":"https:\/\/czytio.pl\/blog\/?p=11903"},"modified":"2023-07-19T12:47:15","modified_gmt":"2023-07-19T11:47:15","slug":"czytniki-rakuten-kobo-juz-dostepne-w-czytio-pl","status":"publish","type":"post","link":"https:\/\/czytio.pl\/blog\/czytniki-rakuten-kobo-juz-dostepne-w-czytio-pl\/","title":{"rendered":"Czytniki Rakuten Kobo ju\u017c dost\u0119pne w Czytio.pl"},"content":{"rendered":"<h2><strong>Znane czytniki kanadyjskiego producenta, Rakuten Kobo s\u0105 ju\u017c dost\u0119pne w Czytio.pl! Od wczoraj znajdziecie w naszym sklepie wszystkie aktualnie dost\u0119pne modele wraz z dopasowanymi do nich akcesoriami. Oto, jak prezentuje si\u0119 5 nowych czytnik\u00f3w:<\/strong><\/h2>\n<div id=\"attachment_11905\" style=\"width: 1110px\" class=\"wp-caption alignnone\"><img loading=\"lazy\" decoding=\"async\" aria-describedby=\"caption-attachment-11905\" class=\"wp-image-11905 size-full\" src=\"https:\/\/czytio.pl\/blog\/wp-content\/uploads\/2023\/07\/Rakuten-Kobo-juz-dostepne-w-Czytiopl.jpg\" alt=\"Rakuten Kobo ju\u017c dost\u0119pne w Czytio.pl!\" width=\"1100\" height=\"618\" srcset=\"https:\/\/czytio.pl\/blog\/wp-content\/uploads\/2023\/07\/Rakuten-Kobo-juz-dostepne-w-Czytiopl.jpg 1100w, https:\/\/czytio.pl\/blog\/wp-content\/uploads\/2023\/07\/Rakuten-Kobo-juz-dostepne-w-Czytiopl-300x169.jpg 300w, https:\/\/czytio.pl\/blog\/wp-content\/uploads\/2023\/07\/Rakuten-Kobo-juz-dostepne-w-Czytiopl-768x431.jpg 768w, https:\/\/czytio.pl\/blog\/wp-content\/uploads\/2023\/07\/Rakuten-Kobo-juz-dostepne-w-Czytiopl-624x351.jpg 624w\" sizes=\"auto, (max-width: 1100px) 100vw, 1100px\" \/><p id=\"caption-attachment-11905\" class=\"wp-caption-text\">Rakuten Kobo ju\u017c dost\u0119pne w Czytio.pl!<\/p><\/div>\n<h3><b>Kobo Nia<\/b><\/h3>\n<p><span style=\"font-weight: 400;\"><strong>Ca\u0142a biblioteka w jednym miejscu, dost\u0119pne wszystkie niezb\u0119dne funkcje czytania, a do tego brak zb\u0119dnych rozpraszaczy? To w\u0142a\u015bnie 6-calowy Kobo Nia<\/strong>. Por\u0119czny czytnik idealnie sprawdzi si\u0119 zar\u00f3wno w podr\u00f3\u017cy, jak i podczas relaksu w parku czy na kanapie.<\/span><\/p>\n<div id=\"attachment_11907\" style=\"width: 1110px\" class=\"wp-caption alignnone\"><img loading=\"lazy\" decoding=\"async\" aria-describedby=\"caption-attachment-11907\" class=\"wp-image-11907 size-full\" src=\"https:\/\/czytio.pl\/blog\/wp-content\/uploads\/2023\/07\/Kobo-Nia-w-Czytiopl-e1689766401334.jpg\" alt=\"Kobo Nia\" width=\"1100\" height=\"580\" srcset=\"https:\/\/czytio.pl\/blog\/wp-content\/uploads\/2023\/07\/Kobo-Nia-w-Czytiopl-e1689766401334.jpg 1100w, https:\/\/czytio.pl\/blog\/wp-content\/uploads\/2023\/07\/Kobo-Nia-w-Czytiopl-e1689766401334-300x158.jpg 300w, https:\/\/czytio.pl\/blog\/wp-content\/uploads\/2023\/07\/Kobo-Nia-w-Czytiopl-e1689766401334-768x405.jpg 768w, https:\/\/czytio.pl\/blog\/wp-content\/uploads\/2023\/07\/Kobo-Nia-w-Czytiopl-e1689766401334-624x329.jpg 624w\" sizes=\"auto, (max-width: 1100px) 100vw, 1100px\" \/><p id=\"caption-attachment-11907\" class=\"wp-caption-text\">Kobo Nia<\/p><\/div>\n<ul>\n<li style=\"font-weight: 400;\" aria-level=\"1\"><span style=\"font-weight: 400;\">Monochromatyczny,<strong> 6-calowy ekran<\/strong><\/span><\/li>\n<li style=\"font-weight: 400;\" aria-level=\"1\"><span style=\"font-weight: 400;\">Rozdzielczo\u015b\u0107 <strong>212 dpi<\/strong><\/span><\/li>\n<li style=\"font-weight: 400;\" aria-level=\"1\"><span style=\"font-weight: 400;\">Bia\u0142e <strong>pod\u015bwietlenie ekranu<\/strong><\/span><\/li>\n<li style=\"font-weight: 400;\" aria-level=\"1\"><span style=\"font-weight: 400;\">Obs\u0142uga 15 <strong>najpopularniejszych format\u00f3w plik\u00f3w<\/strong><\/span><\/li>\n<li style=\"font-weight: 400;\" aria-level=\"1\"><span style=\"font-weight: 400;\">8 GB <strong>pami\u0119ci wewn\u0119trznej<\/strong><\/span><\/li>\n<li style=\"font-weight: 400;\" aria-level=\"1\"><span style=\"font-weight: 400;\">Pojemna <strong>bateria<\/strong><\/span><\/li>\n<li style=\"font-weight: 400;\" aria-level=\"1\"><span style=\"font-weight: 400;\">Polski <strong>j\u0119zyk systemowy<\/strong><\/span><\/li>\n<li style=\"font-weight: 400;\" aria-level=\"1\"><span style=\"font-weight: 400;\">Wbudowana<strong> ksi\u0119garnia Kobo<\/strong> (e-booki)<\/span><\/li>\n<li style=\"font-weight: 400;\" aria-level=\"1\"><span style=\"font-weight: 400;\">Niewielkie wymiary <strong>112.4 x 159,3 x 9,2 mm<\/strong><\/span><\/li>\n<li style=\"font-weight: 400;\" aria-level=\"1\"><span style=\"font-weight: 400;\">Waga<strong> 172 g<\/strong><\/span><\/li>\n<\/ul>\n<p><a class=\"widget-czytio\" href=\"https:\/\/czytio.pl\/czytniki-ebookow\/611\/kobo-nia\">Kobo Nia<\/a><\/p>\n<h3><b>Kobo Clara 2E<\/b><\/h3>\n<p><span style=\"font-weight: 400;\"><strong>Model Kobo Clara 2E jest lekki i por\u0119czny, dostosowany do komfortowej lektury e-book\u00f3w, a do tego kompatybilny z audiobookami Kobo.<\/strong> Jest r\u00f3wnie\u017c wodoodporny, dzi\u0119ki czemu sprawdzi si\u0119 nie tylko w kawiarni czy podczas wieczornej lektury w \u0142\u00f3\u017cku, ale te\u017c nad basenem i w wannie.<\/span><\/p>\n<div id=\"attachment_11908\" style=\"width: 1110px\" class=\"wp-caption alignnone\"><img loading=\"lazy\" decoding=\"async\" aria-describedby=\"caption-attachment-11908\" class=\"wp-image-11908 size-full\" src=\"https:\/\/czytio.pl\/blog\/wp-content\/uploads\/2023\/07\/Kobo-Clara-2E-w-Czytiopl-e1689766419600.jpg\" alt=\"Kobo Clara 2E\" width=\"1100\" height=\"552\" srcset=\"https:\/\/czytio.pl\/blog\/wp-content\/uploads\/2023\/07\/Kobo-Clara-2E-w-Czytiopl-e1689766419600.jpg 1100w, https:\/\/czytio.pl\/blog\/wp-content\/uploads\/2023\/07\/Kobo-Clara-2E-w-Czytiopl-e1689766419600-300x151.jpg 300w, https:\/\/czytio.pl\/blog\/wp-content\/uploads\/2023\/07\/Kobo-Clara-2E-w-Czytiopl-e1689766419600-768x385.jpg 768w, https:\/\/czytio.pl\/blog\/wp-content\/uploads\/2023\/07\/Kobo-Clara-2E-w-Czytiopl-e1689766419600-624x313.jpg 624w\" sizes=\"auto, (max-width: 1100px) 100vw, 1100px\" \/><p id=\"caption-attachment-11908\" class=\"wp-caption-text\">Kobo Clara 2E<\/p><\/div>\n<ul>\n<li style=\"font-weight: 400;\" aria-level=\"1\"><span style=\"font-weight: 400;\">Monochromatyczny, <strong>6-calowy ekran<\/strong><\/span><\/li>\n<li style=\"font-weight: 400;\" aria-level=\"1\"><span style=\"font-weight: 400;\">Rozdzielczo\u015b\u0107 <strong>300 dpi<\/strong><\/span><\/li>\n<li style=\"font-weight: 400;\" aria-level=\"1\"><span style=\"font-weight: 400;\">Wodoodporno\u015b\u0107<strong> IPX 8<\/strong><\/span><\/li>\n<li style=\"font-weight: 400;\" aria-level=\"1\"><span style=\"font-weight: 400;\">Dwutonowe <strong>pod\u015bwietlenie ekranu<\/strong><\/span><\/li>\n<li style=\"font-weight: 400;\" aria-level=\"1\"><span style=\"font-weight: 400;\">Obs\u0142uga 15 <strong>najpopularniejszych format\u00f3w plik\u00f3w<\/strong><\/span><\/li>\n<li><span style=\"font-weight: 400;\">16 GB <strong>pami\u0119ci wewn\u0119trznej<\/strong><\/span><\/li>\n<li style=\"font-weight: 400;\" aria-level=\"1\"><span style=\"font-weight: 400;\">Pojemna <strong>bateria<\/strong><\/span><\/li>\n<li style=\"font-weight: 400;\" aria-level=\"1\"><span style=\"font-weight: 400;\">Polski <strong>j\u0119zyk systemowy<\/strong><\/span><\/li>\n<li style=\"font-weight: 400;\" aria-level=\"1\"><span style=\"font-weight: 400;\">Wbudowana <strong>ksi\u0119garnia Kobo\u00a0<\/strong><\/span><\/li>\n<li style=\"font-weight: 400;\" aria-level=\"1\"><span style=\"font-weight: 400;\">Kompatybilno\u015b\u0107 z <strong>audiobookami Kobo<\/strong><\/span><\/li>\n<li style=\"font-weight: 400;\" aria-level=\"1\"><span style=\"font-weight: 400;\">Ekologiczna<strong> obudowa<\/strong><\/span><\/li>\n<li style=\"font-weight: 400;\" aria-level=\"1\"><span style=\"font-weight: 400;\">Niewielkie wymiary<strong> 112 x 159 x 8,7 mm<\/strong><\/span><\/li>\n<li style=\"font-weight: 400;\" aria-level=\"1\"><span style=\"font-weight: 400;\">Waga <strong>172 g<\/strong><\/span><\/li>\n<\/ul>\n<p><a class=\"widget-czytio\" href=\"https:\/\/czytio.pl\/czytniki-ebookow\/612\/kobo-clara-2e\">Kobo Clara 2E<\/a><\/p>\n<h3><b>Kobo Libra 2<\/b><\/h3>\n<p><span style=\"font-weight: 400;\"><strong>Nieco wi\u0119kszy, 7-calowy ekran oraz wbudowane przyciski fizyczne gwarantuj\u0105 wygodne czytanie na Kobo Libra 2.<\/strong> Wodoodporno\u015b\u0107 oraz dwutonowe pod\u015bwietlenie ekranu poradz\u0105 sobie z ka\u017cdym otoczeniem, dzi\u0119ki czemu w lekturze mo\u017cesz zanurzy\u0107 si\u0119 w ka\u017cdej wolnej chwili.<\/span><\/p>\n<div id=\"attachment_11909\" style=\"width: 1110px\" class=\"wp-caption alignnone\"><img loading=\"lazy\" decoding=\"async\" aria-describedby=\"caption-attachment-11909\" class=\"wp-image-11909 size-full\" src=\"https:\/\/czytio.pl\/blog\/wp-content\/uploads\/2023\/07\/Kobo-Libra-2-w-Czytiopl-e1689766435978.jpg\" alt=\"Kobo Libra 2\" width=\"1100\" height=\"654\" srcset=\"https:\/\/czytio.pl\/blog\/wp-content\/uploads\/2023\/07\/Kobo-Libra-2-w-Czytiopl-e1689766435978.jpg 1100w, https:\/\/czytio.pl\/blog\/wp-content\/uploads\/2023\/07\/Kobo-Libra-2-w-Czytiopl-e1689766435978-300x178.jpg 300w, https:\/\/czytio.pl\/blog\/wp-content\/uploads\/2023\/07\/Kobo-Libra-2-w-Czytiopl-e1689766435978-768x457.jpg 768w, https:\/\/czytio.pl\/blog\/wp-content\/uploads\/2023\/07\/Kobo-Libra-2-w-Czytiopl-e1689766435978-624x371.jpg 624w\" sizes=\"auto, (max-width: 1100px) 100vw, 1100px\" \/><p id=\"caption-attachment-11909\" class=\"wp-caption-text\">Kobo Libra 2<\/p><\/div>\n<ul>\n<li style=\"font-weight: 400;\" aria-level=\"1\"><span style=\"font-weight: 400;\">Dost\u0119pny w wersji<strong> czarnej oraz bia\u0142ej<\/strong><\/span><\/li>\n<li style=\"font-weight: 400;\" aria-level=\"1\"><span style=\"font-weight: 400;\">Monochromatyczny, <strong>7-calowy ekran<\/strong><\/span><\/li>\n<li style=\"font-weight: 400;\" aria-level=\"1\"><span style=\"font-weight: 400;\">Rozdzielczo\u015b\u0107 <strong>300 dpi<\/strong><\/span><\/li>\n<li style=\"font-weight: 400;\" aria-level=\"1\"><span style=\"font-weight: 400;\">Wodoodporno\u015b\u0107<strong> IPX 8<\/strong><\/span><\/li>\n<li style=\"font-weight: 400;\" aria-level=\"1\"><span style=\"font-weight: 400;\">Dwutonowe <strong>pod\u015bwietlenie ekranu<\/strong><\/span><\/li>\n<li style=\"font-weight: 400;\" aria-level=\"1\"><span style=\"font-weight: 400;\">Obs\u0142uga 15 <strong>najpopularniejszych format\u00f3w plik\u00f3w<\/strong><\/span><\/li>\n<li style=\"font-weight: 400;\" aria-level=\"1\"><span style=\"font-weight: 400;\">32 GB <strong>pami\u0119ci wewn\u0119trznej<\/strong><\/span><\/li>\n<li style=\"font-weight: 400;\" aria-level=\"1\"><span style=\"font-weight: 400;\">Pojemna <strong>bateria<\/strong><\/span><\/li>\n<li style=\"font-weight: 400;\" aria-level=\"1\"><span style=\"font-weight: 400;\">Fizyczne <strong>przyciski zmiany stron<\/strong><\/span><\/li>\n<li style=\"font-weight: 400;\" aria-level=\"1\"><span style=\"font-weight: 400;\">Polski <strong>j\u0119zyk systemowy<\/strong><\/span><\/li>\n<li style=\"font-weight: 400;\" aria-level=\"1\"><span style=\"font-weight: 400;\">Wbudowana <strong>ksi\u0119garnia Kobo\u00a0<\/strong><\/span><\/li>\n<li style=\"font-weight: 400;\" aria-level=\"1\"><span style=\"font-weight: 400;\">Kompatybilno\u015b\u0107 z <strong>audiobookami Kobo<\/strong><\/span><\/li>\n<li style=\"font-weight: 400;\" aria-level=\"1\"><span style=\"font-weight: 400;\">Wymiary <strong>144,6 x 161,6 x 9 mm<\/strong><\/span><\/li>\n<li style=\"font-weight: 400;\" aria-level=\"1\"><span style=\"font-weight: 400;\">Waga <strong>215 g<\/strong><\/span><\/li>\n<\/ul>\n<p><a class=\"widget-czytio\" href=\"https:\/\/czytio.pl\/czytniki-ebookow\/613\/kobo-libra-2-czarny\">Kobo Libra 2<\/a><\/p>\n<h3><b>Kobo Sage<\/b><\/h3>\n<p><span style=\"font-weight: 400;\"><strong>8-calowy Kobo Sage oferuje kompatybilno\u015b\u0107 z rysikami Kobo Stylus, co pozwala na wygodne notowanie zar\u00f3wno w e-bookach, jak i plikach PDF.<\/strong> Czytnik jest kompatybilny z audiobookami Kobo, wi\u0119c od historii nie musisz si\u0119 odrywa\u0107, nawet maj\u0105c zaj\u0119te r\u0119ce. Dodatkowo, wodoodporno\u015b\u0107 oraz wbudowane pod\u015bwietlenie ekranu pozwalaj\u0105 czyta\u0107 w ka\u017cdym otoczeniu.<\/span><\/p>\n<div id=\"attachment_11910\" style=\"width: 1110px\" class=\"wp-caption alignnone\"><img loading=\"lazy\" decoding=\"async\" aria-describedby=\"caption-attachment-11910\" class=\"wp-image-11910 size-full\" src=\"https:\/\/czytio.pl\/blog\/wp-content\/uploads\/2023\/07\/Kobo-Sage-w-Czytiopl-e1689766452559.jpg\" alt=\"Kobo Sage\" width=\"1100\" height=\"676\" srcset=\"https:\/\/czytio.pl\/blog\/wp-content\/uploads\/2023\/07\/Kobo-Sage-w-Czytiopl-e1689766452559.jpg 1100w, https:\/\/czytio.pl\/blog\/wp-content\/uploads\/2023\/07\/Kobo-Sage-w-Czytiopl-e1689766452559-300x184.jpg 300w, https:\/\/czytio.pl\/blog\/wp-content\/uploads\/2023\/07\/Kobo-Sage-w-Czytiopl-e1689766452559-768x472.jpg 768w, https:\/\/czytio.pl\/blog\/wp-content\/uploads\/2023\/07\/Kobo-Sage-w-Czytiopl-e1689766452559-624x383.jpg 624w\" sizes=\"auto, (max-width: 1100px) 100vw, 1100px\" \/><p id=\"caption-attachment-11910\" class=\"wp-caption-text\">Kobo Sage<\/p><\/div>\n<ul>\n<li style=\"font-weight: 400;\" aria-level=\"1\"><span style=\"font-weight: 400;\">Monochromatyczny, <strong>8-calowy ekran<\/strong><\/span><\/li>\n<li style=\"font-weight: 400;\" aria-level=\"1\"><span style=\"font-weight: 400;\">Rozdzielczo\u015b\u0107 <strong>300 dpi<\/strong><\/span><\/li>\n<li style=\"font-weight: 400;\" aria-level=\"1\"><span style=\"font-weight: 400;\">Kompatybilno\u015b\u0107 z<strong> rysikami Kobo<\/strong> (rysik kupowany oddzielnie)<\/span><\/li>\n<li style=\"font-weight: 400;\" aria-level=\"1\"><span style=\"font-weight: 400;\">Wodoodporno\u015b\u0107 <strong>IPX 8<\/strong><\/span><\/li>\n<li style=\"font-weight: 400;\" aria-level=\"1\"><span style=\"font-weight: 400;\">Dwutonowe <strong>pod\u015bwietlenie ekranu<\/strong><\/span><\/li>\n<li style=\"font-weight: 400;\" aria-level=\"1\"><span style=\"font-weight: 400;\">Obs\u0142uga 15 <strong>najpopularniejszych format\u00f3w plik\u00f3w<\/strong><\/span><\/li>\n<li style=\"font-weight: 400;\" aria-level=\"1\"><span style=\"font-weight: 400;\">32 GB <strong>pami\u0119ci wewn\u0119trznej<\/strong><\/span><\/li>\n<li style=\"font-weight: 400;\" aria-level=\"1\"><span style=\"font-weight: 400;\">Pojemna <strong>bateria<\/strong><\/span><\/li>\n<li style=\"font-weight: 400;\" aria-level=\"1\"><span style=\"font-weight: 400;\">Fizyczne <strong>przyciski zmiany stron<\/strong><\/span><\/li>\n<li style=\"font-weight: 400;\" aria-level=\"1\"><span style=\"font-weight: 400;\">Polski <strong>j\u0119zyk systemowy<\/strong><\/span><\/li>\n<li style=\"font-weight: 400;\" aria-level=\"1\"><span style=\"font-weight: 400;\">Wbudowana <strong>ksi\u0119garnia Kobo\u00a0<\/strong><\/span><\/li>\n<li style=\"font-weight: 400;\" aria-level=\"1\"><span style=\"font-weight: 400;\">Kompatybilno\u015b\u0107 z <strong>audiobookami Kobo<\/strong><\/span><\/li>\n<li style=\"font-weight: 400;\" aria-level=\"1\"><span style=\"font-weight: 400;\">Wymiary<strong> 160,5 x 181,4 x 7,6 mm<\/strong><\/span><\/li>\n<li style=\"font-weight: 400;\" aria-level=\"1\"><span style=\"font-weight: 400;\">Waga <strong>240.8 g<\/strong><\/span><\/li>\n<\/ul>\n<p><a class=\"widget-czytio\" href=\"https:\/\/czytio.pl\/czytniki-ebookow\/615\/kobo-sage\">Kobo Sage<\/a><\/p>\n<h3><b>Kobo Elipsa 2E<\/b><\/h3>\n<p><span style=\"font-weight: 400;\"><strong>Kobo Elipsa 2E to idealne po\u0142\u0105czenie czytnika z e-notatnikiem.<\/strong> 10,3-calowy ekran zosta\u0142 delikatnie zmatowiony, dzi\u0119ki czemu notowanie w e-bookach, plikach PDF oraz dedykowanej aplikacji notatnika jest bardzo wygodne. Sprawdzi si\u0119 dla os\u00f3b, kt\u00f3re na co dzie\u0144 du\u017co notuj\u0105 lub pracuj\u0105 z dokumentami, <strong>a wszystkie swoje zapiski chcieliby mie\u0107 zorganizowane w jednym miejscu.\u00a0<\/strong><\/span><\/p>\n<div id=\"attachment_11911\" style=\"width: 1110px\" class=\"wp-caption alignnone\"><img loading=\"lazy\" decoding=\"async\" aria-describedby=\"caption-attachment-11911\" class=\"wp-image-11911 size-full\" src=\"https:\/\/czytio.pl\/blog\/wp-content\/uploads\/2023\/07\/Kobo-Elipsa-2E-w-Czytiopl-e1689766486234.jpg\" alt=\"Kobo Elipsa 2E\" width=\"1100\" height=\"530\" srcset=\"https:\/\/czytio.pl\/blog\/wp-content\/uploads\/2023\/07\/Kobo-Elipsa-2E-w-Czytiopl-e1689766486234.jpg 1100w, https:\/\/czytio.pl\/blog\/wp-content\/uploads\/2023\/07\/Kobo-Elipsa-2E-w-Czytiopl-e1689766486234-300x145.jpg 300w, https:\/\/czytio.pl\/blog\/wp-content\/uploads\/2023\/07\/Kobo-Elipsa-2E-w-Czytiopl-e1689766486234-768x370.jpg 768w, https:\/\/czytio.pl\/blog\/wp-content\/uploads\/2023\/07\/Kobo-Elipsa-2E-w-Czytiopl-e1689766486234-624x301.jpg 624w\" sizes=\"auto, (max-width: 1100px) 100vw, 1100px\" \/><p id=\"caption-attachment-11911\" class=\"wp-caption-text\">Kobo Elipsa 2E<\/p><\/div>\n<ul>\n<li style=\"font-weight: 400;\" aria-level=\"1\"><span style=\"font-weight: 400;\">Monochromatyczny, <strong>10,3-calowy ekran<\/strong><\/span><\/li>\n<li style=\"font-weight: 400;\" aria-level=\"1\"><span style=\"font-weight: 400;\">Rozdzielczo\u015b\u0107 <strong>227 dpi<\/strong><\/span><\/li>\n<li style=\"font-weight: 400;\" aria-level=\"1\"><span style=\"font-weight: 400;\">Kompatybilno\u015b\u0107 z <strong>rysikami Kobo<\/strong> (rysik w zestawie)<\/span><\/li>\n<li style=\"font-weight: 400;\" aria-level=\"1\"><span style=\"font-weight: 400;\">Dwutonowe <strong>pod\u015bwietlenie ekranu<\/strong><\/span><\/li>\n<li style=\"font-weight: 400;\" aria-level=\"1\"><span style=\"font-weight: 400;\">Obs\u0142uga 15 <strong>najpopularniejszych format\u00f3w plik\u00f3w<\/strong><\/span><\/li>\n<li style=\"font-weight: 400;\" aria-level=\"1\"><span style=\"font-weight: 400;\">32 GB <strong>pami\u0119ci wewn\u0119trznej<\/strong><\/span><\/li>\n<li style=\"font-weight: 400;\" aria-level=\"1\"><span style=\"font-weight: 400;\">Pojemna <strong>bateria<\/strong><\/span><\/li>\n<li style=\"font-weight: 400;\" aria-level=\"1\"><span style=\"font-weight: 400;\">Polski <strong>j\u0119zyk systemowy<\/strong><\/span><\/li>\n<li style=\"font-weight: 400;\" aria-level=\"1\"><span style=\"font-weight: 400;\">Wbudowana <strong>ksi\u0119garnia Kobo<\/strong>\u00a0<\/span><\/li>\n<li style=\"font-weight: 400;\" aria-level=\"1\"><span style=\"font-weight: 400;\">Kompatybilno\u015b\u0107 z <strong>audiobookami Kobo<\/strong><\/span><\/li>\n<li style=\"font-weight: 400;\" aria-level=\"1\"><span style=\"font-weight: 400;\">Ekologiczna <strong>obudowa<\/strong><\/span><\/li>\n<li style=\"font-weight: 400;\" aria-level=\"1\"><span style=\"font-weight: 400;\">Wymiary <strong>193 x 227 x 7,5 mm<\/strong><\/span><\/li>\n<li style=\"font-weight: 400;\" aria-level=\"1\"><span style=\"font-weight: 400;\">Waga <strong>390 g<\/strong><\/span><\/li>\n<\/ul>\n<p><a class=\"widget-czytio\" href=\"https:\/\/czytio.pl\/czytniki-ebookow\/616\/kobo-elipsa-2e\">Kobo Elipsa 2E<\/a><\/p>\n<p>Autor: K.P.<\/p>\n","protected":false},"excerpt":{"rendered":"<p>Znane czytniki kanadyjskiego producenta, Rakuten Kobo s\u0105 ju\u017c dost\u0119pne w Czytio.pl! Od wczoraj znajdziecie w naszym sklepie wszystkie aktualnie dost\u0119pne modele wraz z dopasowanymi do nich akcesoriami. Oto, jak prezentuje si\u0119 5 nowych czytnik\u00f3w: Kobo Nia Ca\u0142a biblioteka w jednym miejscu, dost\u0119pne wszystkie niezb\u0119dne funkcje czytania, a do tego brak zb\u0119dnych rozpraszaczy? To w\u0142a\u015bnie 6-calowy [&hellip;]<\/p>\n","protected":false},"author":1,"featured_media":11905,"comment_status":"open","ping_status":"closed","sticky":false,"template":"","format":"standard","meta":{"footnotes":""},"categories":[11],"tags":[166,2153,2540,2155,2149,2158,2586,2164],"class_list":["post-11903","post","type-post","status-publish","format-standard","has-post-thumbnail","hentry","category-aktualnosci","tag-kobo","tag-kobo-clara-2e","tag-kobo-elipsa-2e","tag-kobo-libra-2","tag-kobo-nia","tag-kobo-sage","tag-kobo-w-polsce","tag-ktory-kobo-wybrac"],"aioseo_notices":[],"views":2693,"_links":{"self":[{"href":"https:\/\/czytio.pl\/blog\/wp-json\/wp\/v2\/posts\/11903","targetHints":{"allow":["GET"]}}],"collection":[{"href":"https:\/\/czytio.pl\/blog\/wp-json\/wp\/v2\/posts"}],"about":[{"href":"https:\/\/czytio.pl\/blog\/wp-json\/wp\/v2\/types\/post"}],"author":[{"embeddable":true,"href":"https:\/\/czytio.pl\/blog\/wp-json\/wp\/v2\/users\/1"}],"replies":[{"embeddable":true,"href":"https:\/\/czytio.pl\/blog\/wp-json\/wp\/v2\/comments?post=11903"}],"version-history":[{"count":5,"href":"https:\/\/czytio.pl\/blog\/wp-json\/wp\/v2\/posts\/11903\/revisions"}],"predecessor-version":[{"id":11906,"href":"https:\/\/czytio.pl\/blog\/wp-json\/wp\/v2\/posts\/11903\/revisions\/11906"}],"wp:featuredmedia":[{"embeddable":true,"href":"https:\/\/czytio.pl\/blog\/wp-json\/wp\/v2\/media\/11905"}],"wp:attachment":[{"href":"https:\/\/czytio.pl\/blog\/wp-json\/wp\/v2\/media?parent=11903"}],"wp:term":[{"taxonomy":"category","embeddable":true,"href":"https:\/\/czytio.pl\/blog\/wp-json\/wp\/v2\/categories?post=11903"},{"taxonomy":"post_tag","embeddable":true,"href":"https:\/\/czytio.pl\/blog\/wp-json\/wp\/v2\/tags?post=11903"}],"curies":[{"name":"wp","href":"https:\/\/api.w.org\/{rel}","templated":true}]}}