{"id":10428,"date":"2022-09-15T16:00:52","date_gmt":"2022-09-15T15:00:52","guid":{"rendered":"https:\/\/czytio.pl\/blog\/?p=10428"},"modified":"2022-10-20T12:28:32","modified_gmt":"2022-10-20T11:28:32","slug":"kindle-11-czyli-nowosc-od-amazon","status":"publish","type":"post","link":"https:\/\/czytio.pl\/blog\/kindle-11-czyli-nowosc-od-amazon\/","title":{"rendered":"Kindle 11 czyli nowo\u015b\u0107 od Amazon"},"content":{"rendered":"<h2><strong>Amazon w\u0142a\u015bnie zapowiedzia\u0142 najnowszy model, kt\u00f3ry b\u0119dzie nast\u0119pc\u0105 Kindle 10. Najnowszy czytnik Amazonu, czyli Kindle 11 b\u0119dzie charakteryzowa\u0142 si\u0119 ekranem z wi\u0119ksz\u0105 rozdzielczo\u015bci\u0105, wi\u0119ksz\u0105 pami\u0119ci\u0105 wewn\u0119trzn\u0105 oraz niekt\u00f3rymi funkcjami, kt\u00f3re posiada\u0142y dro\u017csze modele czytnik\u00f3w Kindle.<\/strong><\/h2>\n<div id=\"attachment_10434\" style=\"width: 1660px\" class=\"wp-caption alignnone\"><img loading=\"lazy\" decoding=\"async\" aria-describedby=\"caption-attachment-10434\" class=\"wp-image-10434 size-full\" src=\"https:\/\/czytio.pl\/blog\/wp-content\/uploads\/2022\/09\/Kindle-Lifestyle-3-scaled-e1663245950775.jpg\" alt=\"Kindle 11\" width=\"1650\" height=\"1100\" srcset=\"https:\/\/czytio.pl\/blog\/wp-content\/uploads\/2022\/09\/Kindle-Lifestyle-3-scaled-e1663245950775.jpg 1650w, https:\/\/czytio.pl\/blog\/wp-content\/uploads\/2022\/09\/Kindle-Lifestyle-3-scaled-e1663245950775-300x200.jpg 300w, https:\/\/czytio.pl\/blog\/wp-content\/uploads\/2022\/09\/Kindle-Lifestyle-3-scaled-e1663245950775-1200x800.jpg 1200w, https:\/\/czytio.pl\/blog\/wp-content\/uploads\/2022\/09\/Kindle-Lifestyle-3-scaled-e1663245950775-768x512.jpg 768w, https:\/\/czytio.pl\/blog\/wp-content\/uploads\/2022\/09\/Kindle-Lifestyle-3-scaled-e1663245950775-1536x1024.jpg 1536w, https:\/\/czytio.pl\/blog\/wp-content\/uploads\/2022\/09\/Kindle-Lifestyle-3-scaled-e1663245950775-624x416.jpg 624w\" sizes=\"auto, (max-width: 1650px) 100vw, 1650px\" \/><p id=\"caption-attachment-10434\" class=\"wp-caption-text\">\u0179r\u00f3d\u0142o: Amazon Press center<\/p><\/div>\n<h3><b>Nowy flagowiec ta\u0144szych czytnik\u00f3w?<\/b><\/h3>\n<p><span style=\"font-weight: 400;\">Czytnik Kindle 2022 posiada wiele zmian w stosunku do poprzedniego modelu jakim by\u0142 Kindle 10. Najwa\u017cniejsza to przej\u015bcie z wy\u015bwietlacza <strong>127PPI<\/strong> na <strong>300PPI<\/strong>. Rozdzielczo\u015b\u0107 w nowym modelu <strong>wynosi 1448&#215;1072<\/strong>, a ekran jest zag\u0142\u0119biony w ramce. Czytnik posiada r\u00f3wnie\u017c pod\u015bwietlenie, lecz bez mo\u017cliwo\u015bci regulacji barwy \u015bwiat\u0142a. G\u0142\u00f3wne wyr\u00f3\u017cniki to elementy, takie jak <strong>pami\u0119\u0107 wewn\u0119trzna<\/strong>, <strong>port \u0142adowania<\/strong>, <strong>bateria<\/strong> oraz nacisk na <strong>ekologi\u0119<\/strong>.\u00a0\u00a0<\/span><\/p>\n<p><span style=\"font-weight: 400;\">Pami\u0119\u0107 wewn\u0119trzna zosta\u0142a zwi\u0119kszona dwukrotnie, a\u017c do <strong>16 GB<\/strong>. W por\u00f3wnaniu do modelu poprzedniej generacji, pozwoli to pomie\u015bci\u0107 wi\u0119cej ksi\u0105\u017cek oraz audiobook\u00f3w.<\/span><\/p>\n<p><span style=\"font-weight: 400;\">Zmiany nast\u0105pi\u0142y r\u00f3wnie\u017c w kwestii baterii oraz jej \u0142adowania. Bateria zosta\u0142a zwi\u0119kszona, dzi\u0119ki czemu ma dzia\u0142a\u0107 na jednym \u0142adowaniu do <strong>6 tygodni<\/strong>, za\u015b \u0142adowa\u0107 j\u0105 mo\u017cna za pomoc\u0105 portu <strong>USB typu C<\/strong>.\u00a0<\/span><\/p>\n<p><span style=\"font-weight: 400;\">Now\u0105 funkcj\u0105, w tej kategorii cenowej, jest tryb ciemny, kt\u00f3ry by\u0142 zarezerwowany dotychczas dla modeli takich jak<strong> <a href=\"https:\/\/czytio.pl\/czytniki-ebookow\/436\/kindle-oasis-3-8gb-wifi-grafit\">Oasis 3<\/a> <\/strong>oraz <strong><a href=\"https:\/\/czytio.pl\/czytniki-ebookow\/507\/kindle-paperwhite-5-68-8gb-bez-reklam\">Paperwhite 5<\/a><\/strong>.<\/span><\/p>\n<h3><b>W trosce o \u015brodowisko<\/b><\/h3>\n<p><span style=\"font-weight: 400;\">Firma Amazon stawia r\u00f3wnie\u017c na ekologi\u0119. Czytnik Kindle 2022 zosta\u0142 wykonany ze sztucznych materia\u0142\u00f3w pochodz\u0105cych od <strong>30<\/strong> do <strong>75%<\/strong> z recyklingu oraz magnezu, kt\u00f3ry zosta\u0142 pozyskany w <strong>90%<\/strong> r\u00f3wnie\u017c w taki sam spos\u00f3b.<\/span><\/p>\n<div id=\"attachment_10433\" style=\"width: 2570px\" class=\"wp-caption alignnone\"><img loading=\"lazy\" decoding=\"async\" aria-describedby=\"caption-attachment-10433\" class=\"size-full wp-image-10433\" src=\"https:\/\/czytio.pl\/blog\/wp-content\/uploads\/2022\/09\/Kindle-Black-Covers-scaled.jpg\" alt=\"\u0179r\u00f3d\u0142o: Amazon Press center\" width=\"2560\" height=\"2560\" srcset=\"https:\/\/czytio.pl\/blog\/wp-content\/uploads\/2022\/09\/Kindle-Black-Covers-scaled.jpg 2560w, https:\/\/czytio.pl\/blog\/wp-content\/uploads\/2022\/09\/Kindle-Black-Covers-300x300.jpg 300w, https:\/\/czytio.pl\/blog\/wp-content\/uploads\/2022\/09\/Kindle-Black-Covers-1200x1200.jpg 1200w, https:\/\/czytio.pl\/blog\/wp-content\/uploads\/2022\/09\/Kindle-Black-Covers-150x150.jpg 150w, https:\/\/czytio.pl\/blog\/wp-content\/uploads\/2022\/09\/Kindle-Black-Covers-768x768.jpg 768w, https:\/\/czytio.pl\/blog\/wp-content\/uploads\/2022\/09\/Kindle-Black-Covers-1536x1536.jpg 1536w, https:\/\/czytio.pl\/blog\/wp-content\/uploads\/2022\/09\/Kindle-Black-Covers-2048x2048.jpg 2048w, https:\/\/czytio.pl\/blog\/wp-content\/uploads\/2022\/09\/Kindle-Black-Covers-624x624.jpg 624w, https:\/\/czytio.pl\/blog\/wp-content\/uploads\/2022\/09\/Kindle-Black-Covers-120x120.jpg 120w\" sizes=\"auto, (max-width: 2560px) 100vw, 2560px\" \/><p id=\"caption-attachment-10433\" class=\"wp-caption-text\">\u0179r\u00f3d\u0142o: Amazon Press center<\/p><\/div>\n<h3><b>Wersje kolorystyczne<\/b><\/h3>\n<p><span style=\"font-weight: 400;\">Dost\u0119pne kolory czytnika to:<\/span><\/p>\n<p><span style=\"font-weight: 400;\">&#8211; <strong>Denim<\/strong> (czyli ciemnoniebieski)<\/span><\/p>\n<p><span style=\"font-weight: 400;\">&#8211; <strong>Czarny<\/strong><\/span><\/p>\n<h3><b>Podsumowanie<\/b><\/h3>\n<p><span style=\"font-weight: 400;\">Amazon zaskoczy\u0142 informacj\u0105 na temat <strong>Kindle 11<\/strong>. Chocia\u017c po ostatnich poczynaniach firmy, mo\u017cna by\u0142o przypuszcza\u0107, \u017ce co\u015b mo\u017ce zadzia\u0107 si\u0119 w ofercie czytnik\u00f3w. Kindle 11 mo\u017ce sta\u0107 si\u0119 nowym flagowcem po\u015br\u00f3d najta\u0144szych czytnik\u00f3w, ze wzgl\u0119du na swoje mo\u017cliwo\u015bci oraz funkcje. Kindle 11 ju\u017c w najbli\u017cszych dniach w przedsprzeda\u017cy na czytio.pl\u00a0<\/span><\/p>\n<p>Autor: M.K.<\/p>\n<p><a class=\"widget-czytio\" href=\"https:\/\/czytio.pl\/czytniki-ebookow\/552\/kindle-11-16gb-bez-reklam-czarny\">Kindle 11<\/a><\/p>\n","protected":false},"excerpt":{"rendered":"<p>Amazon w\u0142a\u015bnie zapowiedzia\u0142 najnowszy model, kt\u00f3ry b\u0119dzie nast\u0119pc\u0105 Kindle 10. Najnowszy czytnik Amazonu, czyli Kindle 11 b\u0119dzie charakteryzowa\u0142 si\u0119 ekranem z wi\u0119ksz\u0105 rozdzielczo\u015bci\u0105, wi\u0119ksz\u0105 pami\u0119ci\u0105 wewn\u0119trzn\u0105 oraz niekt\u00f3rymi funkcjami, kt\u00f3re posiada\u0142y dro\u017csze modele czytnik\u00f3w Kindle. Nowy flagowiec ta\u0144szych czytnik\u00f3w? Czytnik Kindle 2022 posiada wiele zmian w stosunku do poprzedniego modelu jakim by\u0142 Kindle 10. Najwa\u017cniejsza [&hellip;]<\/p>\n","protected":false},"author":1,"featured_media":10434,"comment_status":"open","ping_status":"closed","sticky":false,"template":"","format":"standard","meta":{"footnotes":""},"categories":[11],"tags":[132,1771,665,457,2186,16,64,18,15,2191,2182,2183,2181,2189,2194,2193,2192,418,2185,731,2190,703,2188,2187,395,2184],"class_list":["post-10428","post","type-post","status-publish","format-standard","has-post-thumbnail","hentry","category-aktualnosci","tag-amazon","tag-amazon-nowy-czytnik","tag-audible","tag-czytio-pl","tag-czytio-pl-kindle","tag-czytnik","tag-czytnik-ebookow","tag-e-ink","tag-ebook","tag-elektroniczna-ksiazka","tag-kindle-11","tag-kindle-11-amazon","tag-kindle-11-wroclaw","tag-kindle-2022","tag-kindle-krakow","tag-kindle-poznan","tag-kindle-warszawa","tag-ksiazki","tag-ksiegarnia-amazon","tag-nowy-czytnik-kindle","tag-nowy-flagowiec","tag-nowy-kindle","tag-nowy-model-kindle","tag-nowy-model-w-czytio-pl","tag-ranking","tag-wroclaw"],"aioseo_notices":[],"views":5639,"_links":{"self":[{"href":"https:\/\/czytio.pl\/blog\/wp-json\/wp\/v2\/posts\/10428","targetHints":{"allow":["GET"]}}],"collection":[{"href":"https:\/\/czytio.pl\/blog\/wp-json\/wp\/v2\/posts"}],"about":[{"href":"https:\/\/czytio.pl\/blog\/wp-json\/wp\/v2\/types\/post"}],"author":[{"embeddable":true,"href":"https:\/\/czytio.pl\/blog\/wp-json\/wp\/v2\/users\/1"}],"replies":[{"embeddable":true,"href":"https:\/\/czytio.pl\/blog\/wp-json\/wp\/v2\/comments?post=10428"}],"version-history":[{"count":5,"href":"https:\/\/czytio.pl\/blog\/wp-json\/wp\/v2\/posts\/10428\/revisions"}],"predecessor-version":[{"id":10560,"href":"https:\/\/czytio.pl\/blog\/wp-json\/wp\/v2\/posts\/10428\/revisions\/10560"}],"wp:featuredmedia":[{"embeddable":true,"href":"https:\/\/czytio.pl\/blog\/wp-json\/wp\/v2\/media\/10434"}],"wp:attachment":[{"href":"https:\/\/czytio.pl\/blog\/wp-json\/wp\/v2\/media?parent=10428"}],"wp:term":[{"taxonomy":"category","embeddable":true,"href":"https:\/\/czytio.pl\/blog\/wp-json\/wp\/v2\/categories?post=10428"},{"taxonomy":"post_tag","embeddable":true,"href":"https:\/\/czytio.pl\/blog\/wp-json\/wp\/v2\/tags?post=10428"}],"curies":[{"name":"wp","href":"https:\/\/api.w.org\/{rel}","templated":true}]}}